{"id":628,"date":"2022-05-04T22:41:00","date_gmt":"2022-05-05T01:41:00","guid":{"rendered":"http:\/\/blogdoarmindomaia.com.br\/?p=628"},"modified":"2022-05-04T22:41:02","modified_gmt":"2022-05-05T01:41:02","slug":"pastor-moacir-apresenta-pl-que-beneficiara-alunos-da-zona-rural%ef%bf%bc","status":"publish","type":"post","link":"http:\/\/blogdoarmindomaia.com.br\/?p=628","title":{"rendered":"Pastor Moacir apresenta PL que beneficiar\u00e1 alunos da Zona Rural\ufffc\u00a0"},"content":{"rendered":"\n<figure class=\"wp-block-image size-full is-style-default\"><img loading=\"lazy\" decoding=\"async\" width=\"768\" height=\"1024\" src=\"http:\/\/blogdoarmindomaia.com.br\/wp-content\/uploads\/2022\/05\/Pastor-Moacir-Santos.jpg\" alt=\"\" class=\"wp-image-629\" srcset=\"http:\/\/blogdoarmindomaia.com.br\/wp-content\/uploads\/2022\/05\/Pastor-Moacir-Santos.jpg 768w, http:\/\/blogdoarmindomaia.com.br\/wp-content\/uploads\/2022\/05\/Pastor-Moacir-Santos-225x300.jpg 225w\" sizes=\"auto, (max-width: 768px) 100vw, 768px\" \/><\/figure>\n\n\n\n<p>O vereador Pastor Moacir Santos apresentou na Tribuna da C\u00e2mara Municipal, nesta ter\u00e7a-feira (03), o Projeto de Lei que institui o programa \u2018Sa\u00fade Infanto-Juvenil no Campo\u2019. O objetivo \u00e9 levar a\u00e7\u00f5es de sa\u00fade p\u00fablica para alunos das escolas municipais da zona rural de Arax\u00e1.&nbsp;<\/p>\n\n\n\n<p>De acordo com o Projeto, as escolas de educa\u00e7\u00e3o infantil da rede p\u00fablica municipal localizadas na zona rural dever\u00e3o oferecer o Programa que levar\u00e1 a\u00e7\u00f5es de promo\u00e7\u00e3o a sa\u00fade \u00e0 todos os alunos regularmente matriculados, com consultas m\u00e9dicas e exames atrav\u00e9s de uma equipe multidisciplinar, formada por m\u00e9dico, dentista, fonoaudi\u00f3loga, enfermeiras.&nbsp;&nbsp;<\/p>\n\n\n\n<p>Os profissionais de sa\u00fade dever\u00e3o promover palestras e rodas de conversa com os pais e estudantes, orientando sobre os principais cuidados com a sa\u00fade na inf\u00e2ncia, como Sa\u00fade Bucal, Preven\u00e7\u00e3o e Cuidados com a Obesidade, No\u00e7\u00f5es B\u00e1sicas de Higiene, entre outros. As carteiras de vacina\u00e7\u00e3o dos alunos dever\u00e3o ser analisadas e caso necess\u00e1rio oferecer as vacinas que estejam em atraso.&nbsp;<\/p>\n\n\n\n<p>O vereador Pastor Moacir explica que a Prefeitura Municipal, por meio das Secretarias Municipais de Sa\u00fade e de Educa\u00e7\u00e3o, ficar\u00e1 encarregada de viabilizar o Programa possibilitando que seja atendida as cinco escolas rurais a cada semestre, atendendo assim todos os distritos rurais do munic\u00edpio.&nbsp;<\/p>\n\n\n\n<p>\u201cEste projeto tem por finalidade garantir \u00e0s crian\u00e7as da rede municipal de ensino da zona rural do nosso munic\u00edpio uma aten\u00e7\u00e3o especial \u00e0 sua sa\u00fade, e, por conseguinte, evitar a evas\u00e3o escolar, falta as aulas e a repet\u00eancia por motivos de doen\u00e7a ou defici\u00eancia, al\u00e9m de desenvolver bons h\u00e1bitos alimentares e higi\u00eanicos\u201d, afirma Pastor Moacir.&nbsp;<\/p>\n","protected":false},"excerpt":{"rendered":"<p>O vereador Pastor Moacir Santos apresentou na Tribuna da C\u00e2mara Municipal, nesta ter\u00e7a-feira (03), o Projeto de Lei que institui<\/p>\n","protected":false},"author":2,"featured_media":629,"comment_status":"open","ping_status":"open","sticky":false,"template":"","format":"standard","meta":{"footnotes":""},"categories":[9,25],"tags":[],"class_list":["post-628","post","type-post","status-publish","format-standard","has-post-thumbnail","hentry","category-araxa","category-politica"],"_links":{"self":[{"href":"http:\/\/blogdoarmindomaia.com.br\/index.php?rest_route=\/wp\/v2\/posts\/628","targetHints":{"allow":["GET"]}}],"collection":[{"href":"http:\/\/blogdoarmindomaia.com.br\/index.php?rest_route=\/wp\/v2\/posts"}],"about":[{"href":"http:\/\/blogdoarmindomaia.com.br\/index.php?rest_route=\/wp\/v2\/types\/post"}],"author":[{"embeddable":true,"href":"http:\/\/blogdoarmindomaia.com.br\/index.php?rest_route=\/wp\/v2\/users\/2"}],"replies":[{"embeddable":true,"href":"http:\/\/blogdoarmindomaia.com.br\/index.php?rest_route=%2Fwp%2Fv2%2Fcomments&post=628"}],"version-history":[{"count":1,"href":"http:\/\/blogdoarmindomaia.com.br\/index.php?rest_route=\/wp\/v2\/posts\/628\/revisions"}],"predecessor-version":[{"id":630,"href":"http:\/\/blogdoarmindomaia.com.br\/index.php?rest_route=\/wp\/v2\/posts\/628\/revisions\/630"}],"wp:featuredmedia":[{"embeddable":true,"href":"http:\/\/blogdoarmindomaia.com.br\/index.php?rest_route=\/wp\/v2\/media\/629"}],"wp:attachment":[{"href":"http:\/\/blogdoarmindomaia.com.br\/index.php?rest_route=%2Fwp%2Fv2%2Fmedia&parent=628"}],"wp:term":[{"taxonomy":"category","embeddable":true,"href":"http:\/\/blogdoarmindomaia.com.br\/index.php?rest_route=%2Fwp%2Fv2%2Fcategories&post=628"},{"taxonomy":"post_tag","embeddable":true,"href":"http:\/\/blogdoarmindomaia.com.br\/index.php?rest_route=%2Fwp%2Fv2%2Ftags&post=628"}],"curies":[{"name":"wp","href":"https:\/\/api.w.org\/{rel}","templated":true}]}}