{"id":6286,"date":"2023-09-20T15:12:52","date_gmt":"2023-09-20T18:12:52","guid":{"rendered":"http:\/\/blogdoarmindomaia.com.br\/?p=6286"},"modified":"2023-09-20T15:12:55","modified_gmt":"2023-09-20T18:12:55","slug":"prefeitura-de-araxa-realiza-a-construcao-do-cemei-gabriela-almeida","status":"publish","type":"post","link":"http:\/\/blogdoarmindomaia.com.br\/?p=6286","title":{"rendered":"Prefeitura de Arax\u00e1 realiza a constru\u00e7\u00e3o do Cemei Gabriela Almeida"},"content":{"rendered":"\n<figure class=\"wp-block-image size-large is-style-default\"><img loading=\"lazy\" decoding=\"async\" width=\"1024\" height=\"576\" src=\"http:\/\/blogdoarmindomaia.com.br\/wp-content\/uploads\/2023\/09\/Cemei-Gabriela-Almeida-Aristimunho-5-1024x576.jpeg\" alt=\"\" class=\"wp-image-6287\" srcset=\"http:\/\/blogdoarmindomaia.com.br\/wp-content\/uploads\/2023\/09\/Cemei-Gabriela-Almeida-Aristimunho-5-1024x576.jpeg 1024w, http:\/\/blogdoarmindomaia.com.br\/wp-content\/uploads\/2023\/09\/Cemei-Gabriela-Almeida-Aristimunho-5-300x169.jpeg 300w, http:\/\/blogdoarmindomaia.com.br\/wp-content\/uploads\/2023\/09\/Cemei-Gabriela-Almeida-Aristimunho-5-768x432.jpeg 768w, http:\/\/blogdoarmindomaia.com.br\/wp-content\/uploads\/2023\/09\/Cemei-Gabriela-Almeida-Aristimunho-5.jpeg 1280w\" sizes=\"auto, (max-width: 1024px) 100vw, 1024px\" \/><\/figure>\n\n\n\n<p>A Prefeitura de Arax\u00e1 est\u00e1 executando a constru\u00e7\u00e3o do Centro Municipal de Educa\u00e7\u00e3o Infantil (Cemei) Gabriela Almeida Aristimunho, no bairro Jardim Dona Ad\u00e9lia. A futura unidade vai atender cerca de 200 crian\u00e7as de 4 meses a 5 anos.<br><br>O Cemei est\u00e1 sendo constru\u00eddo em uma \u00e1rea de 2.272,07m\u00b2 e vai contar com sala multiuso, cozinha, refeit\u00f3rio, p\u00e1tio coberto, copa para funcion\u00e1rios, sala de amamenta\u00e7\u00e3o, sala de professores e sanit\u00e1rios.<br><br>De acordo com a secret\u00e1ria municipal de Educa\u00e7\u00e3o, Zulma Moreira, o Cemei vai atender uma antiga demanda. \u201cA regi\u00e3o do bairro Dona Ad\u00e9lia est\u00e1 crescendo muito, e com certeza a constru\u00e7\u00e3o de uma creche p\u00fablica era uma das principais reivindica\u00e7\u00f5es naquele setor, que agora vai receber uma creche nova e bem equipada para atender as crian\u00e7as da regi\u00e3o\u201d, afirma.<br><br>O prefeito Robson Magela destaca mais um empreendimento executado pela gest\u00e3o para oferecer vagas e estrutura moderna ao p\u00fablico infantil. \u201cO novo Cemei vai possibilitar mais comodidade para as fam\u00edlias do Setor Leste, que n\u00e3o v\u00e3o precisar mais levar seus filhos para outros bairros. \u00c9 mais seguran\u00e7a e educa\u00e7\u00e3o de qualidade para as nossas crian\u00e7as\u201d, conclui.<\/p>\n\n\n\n<p><\/p>\n","protected":false},"excerpt":{"rendered":"<p>A Prefeitura de Arax\u00e1 est\u00e1 executando a constru\u00e7\u00e3o do Centro Municipal de Educa\u00e7\u00e3o Infantil (Cemei) Gabriela Almeida Aristimunho, no bairro<\/p>\n","protected":false},"author":2,"featured_media":6287,"comment_status":"open","ping_status":"open","sticky":false,"template":"","format":"standard","meta":{"footnotes":""},"categories":[9,11],"tags":[],"class_list":["post-6286","post","type-post","status-publish","format-standard","has-post-thumbnail","hentry","category-araxa","category-destaques"],"_links":{"self":[{"href":"http:\/\/blogdoarmindomaia.com.br\/index.php?rest_route=\/wp\/v2\/posts\/6286","targetHints":{"allow":["GET"]}}],"collection":[{"href":"http:\/\/blogdoarmindomaia.com.br\/index.php?rest_route=\/wp\/v2\/posts"}],"about":[{"href":"http:\/\/blogdoarmindomaia.com.br\/index.php?rest_route=\/wp\/v2\/types\/post"}],"author":[{"embeddable":true,"href":"http:\/\/blogdoarmindomaia.com.br\/index.php?rest_route=\/wp\/v2\/users\/2"}],"replies":[{"embeddable":true,"href":"http:\/\/blogdoarmindomaia.com.br\/index.php?rest_route=%2Fwp%2Fv2%2Fcomments&post=6286"}],"version-history":[{"count":1,"href":"http:\/\/blogdoarmindomaia.com.br\/index.php?rest_route=\/wp\/v2\/posts\/6286\/revisions"}],"predecessor-version":[{"id":6288,"href":"http:\/\/blogdoarmindomaia.com.br\/index.php?rest_route=\/wp\/v2\/posts\/6286\/revisions\/6288"}],"wp:featuredmedia":[{"embeddable":true,"href":"http:\/\/blogdoarmindomaia.com.br\/index.php?rest_route=\/wp\/v2\/media\/6287"}],"wp:attachment":[{"href":"http:\/\/blogdoarmindomaia.com.br\/index.php?rest_route=%2Fwp%2Fv2%2Fmedia&parent=6286"}],"wp:term":[{"taxonomy":"category","embeddable":true,"href":"http:\/\/blogdoarmindomaia.com.br\/index.php?rest_route=%2Fwp%2Fv2%2Fcategories&post=6286"},{"taxonomy":"post_tag","embeddable":true,"href":"http:\/\/blogdoarmindomaia.com.br\/index.php?rest_route=%2Fwp%2Fv2%2Ftags&post=6286"}],"curies":[{"name":"wp","href":"https:\/\/api.w.org\/{rel}","templated":true}]}}