{"id":6295,"date":"2023-09-20T15:21:31","date_gmt":"2023-09-20T18:21:31","guid":{"rendered":"http:\/\/blogdoarmindomaia.com.br\/?p=6295"},"modified":"2023-09-20T15:21:34","modified_gmt":"2023-09-20T18:21:34","slug":"empossados-os-primeiros-convocados-para-a-guarda-patrimonial-de-araxa","status":"publish","type":"post","link":"http:\/\/blogdoarmindomaia.com.br\/?p=6295","title":{"rendered":"Empossados os primeiros convocados para a Guarda Patrimonial de Arax\u00e1"},"content":{"rendered":"\n<figure class=\"wp-block-image size-full is-style-default\"><img loading=\"lazy\" decoding=\"async\" width=\"1024\" height=\"683\" src=\"http:\/\/blogdoarmindomaia.com.br\/wp-content\/uploads\/2023\/09\/Guarda-Patrimonial-4.jpeg\" alt=\"\" class=\"wp-image-6296\" srcset=\"http:\/\/blogdoarmindomaia.com.br\/wp-content\/uploads\/2023\/09\/Guarda-Patrimonial-4.jpeg 1024w, http:\/\/blogdoarmindomaia.com.br\/wp-content\/uploads\/2023\/09\/Guarda-Patrimonial-4-300x200.jpeg 300w, http:\/\/blogdoarmindomaia.com.br\/wp-content\/uploads\/2023\/09\/Guarda-Patrimonial-4-768x512.jpeg 768w\" sizes=\"auto, (max-width: 1024px) 100vw, 1024px\" \/><\/figure>\n\n\n\n<p>O prefeito Robson Magela empossou, na sexta-feira (15), a primeira turma de convocados aprovados no concurso p\u00fablico para o cargo de Guarda Patrimonial, lotado na Secretaria Municipal de Seguran\u00e7a P\u00fablica.<br><br>A cerim\u00f4nia tamb\u00e9m contou com as presen\u00e7as do secret\u00e1rio Daniel Rosa, do presidente da C\u00e2mara, Bosco J\u00fanior, do presidente do Centro de Atendimento ao Servidor (CAS), Hely Aires, do comandante da Guarda Patrimonial, Leandro Duarte, e dos vereadores Evaldo do Ferrocarril, Dirley da Escolinha, Jairinho Borges e Valtinho da Farm\u00e1cia.<br><br>De acordo com Daniel Rosa, ao todo, 153 candidatos foram aprovados e, nesta primeira convoca\u00e7\u00e3o, 46 servidores foram convocados. As pr\u00f3ximas convoca\u00e7\u00f5es ocorrer\u00e3o de acordo com a programa\u00e7\u00e3o da Secretaria Municipal de Seguran\u00e7a P\u00fablica.<br><br>\u201c\u00c9 um momento muito importante, pois temos certeza de que cada um dos convocados ir\u00e1 contribuir significativamente com o desenvolvimento do nosso munic\u00edpio. Os guardas ser\u00e3o capacitados para que prestem um trabalho de qualidade em nossa cidade. Este \u00e9 o nosso principal intuito\u201d, refor\u00e7a o secret\u00e1rio.<br><br>O prefeito Robson Magela recepcionou cada um dos novos servidores e destacou a posse como um momento muito especial para a Prefeitura de Arax\u00e1. \u201cCada uma dessas pessoas correu atr\u00e1s, estudaram, se dedicaram e agora est\u00e3o colhendo os frutos dos quais tanto merecem. E sabemos que \u00e9 com este mesmo empenho que ir\u00e3o cuidar com muito zelo de nossa cidade. \u00c9 uma grande oportunidade n\u00e3o s\u00f3 para eles, mas tamb\u00e9m para n\u00f3s, que vamos poder contar com profissionais exemplares\u201d, afirma.<br><br>Luciene Cristina Santos Ferreira Borges conta sobre a felicidade de fazer parte do quadro de servidores da Guarda Patrimonial. \u201cEspero fazer jus a essa convoca\u00e7\u00e3o e desempenhar um excelente trabalho na Seguran\u00e7a P\u00fablica, buscando a prote\u00e7\u00e3o n\u00e3o somente do patrim\u00f4nio do munic\u00edpio, mas, consequentemente, dos cidad\u00e3os que aqui vivem\u201d, refor\u00e7a.<br><\/p>\n","protected":false},"excerpt":{"rendered":"<p>O prefeito Robson Magela empossou, na sexta-feira (15), a primeira turma de convocados aprovados no concurso p\u00fablico para o cargo<\/p>\n","protected":false},"author":2,"featured_media":6296,"comment_status":"open","ping_status":"open","sticky":false,"template":"","format":"standard","meta":{"footnotes":""},"categories":[9,11],"tags":[],"class_list":["post-6295","post","type-post","status-publish","format-standard","has-post-thumbnail","hentry","category-araxa","category-destaques"],"_links":{"self":[{"href":"http:\/\/blogdoarmindomaia.com.br\/index.php?rest_route=\/wp\/v2\/posts\/6295","targetHints":{"allow":["GET"]}}],"collection":[{"href":"http:\/\/blogdoarmindomaia.com.br\/index.php?rest_route=\/wp\/v2\/posts"}],"about":[{"href":"http:\/\/blogdoarmindomaia.com.br\/index.php?rest_route=\/wp\/v2\/types\/post"}],"author":[{"embeddable":true,"href":"http:\/\/blogdoarmindomaia.com.br\/index.php?rest_route=\/wp\/v2\/users\/2"}],"replies":[{"embeddable":true,"href":"http:\/\/blogdoarmindomaia.com.br\/index.php?rest_route=%2Fwp%2Fv2%2Fcomments&post=6295"}],"version-history":[{"count":1,"href":"http:\/\/blogdoarmindomaia.com.br\/index.php?rest_route=\/wp\/v2\/posts\/6295\/revisions"}],"predecessor-version":[{"id":6297,"href":"http:\/\/blogdoarmindomaia.com.br\/index.php?rest_route=\/wp\/v2\/posts\/6295\/revisions\/6297"}],"wp:featuredmedia":[{"embeddable":true,"href":"http:\/\/blogdoarmindomaia.com.br\/index.php?rest_route=\/wp\/v2\/media\/6296"}],"wp:attachment":[{"href":"http:\/\/blogdoarmindomaia.com.br\/index.php?rest_route=%2Fwp%2Fv2%2Fmedia&parent=6295"}],"wp:term":[{"taxonomy":"category","embeddable":true,"href":"http:\/\/blogdoarmindomaia.com.br\/index.php?rest_route=%2Fwp%2Fv2%2Fcategories&post=6295"},{"taxonomy":"post_tag","embeddable":true,"href":"http:\/\/blogdoarmindomaia.com.br\/index.php?rest_route=%2Fwp%2Fv2%2Ftags&post=6295"}],"curies":[{"name":"wp","href":"https:\/\/api.w.org\/{rel}","templated":true}]}}