{"id":6298,"date":"2023-09-20T15:25:43","date_gmt":"2023-09-20T18:25:43","guid":{"rendered":"http:\/\/blogdoarmindomaia.com.br\/?p=6298"},"modified":"2023-09-20T15:25:45","modified_gmt":"2023-09-20T18:25:45","slug":"dancaraxa-2023-sucesso-solidariedade-e-talentos-em-destaques","status":"publish","type":"post","link":"http:\/\/blogdoarmindomaia.com.br\/?p=6298","title":{"rendered":"DAN\u00c7ARAX\u00c1 2023: Sucesso, solidariedade e talentos em destaques"},"content":{"rendered":"\n<figure class=\"wp-block-image size-large is-style-default\"><img loading=\"lazy\" decoding=\"async\" width=\"1024\" height=\"683\" src=\"http:\/\/blogdoarmindomaia.com.br\/wp-content\/uploads\/2023\/09\/DANCARAXA-2023-Sucesso-solidariedade-e-talentos-em-destaques-pag-12-1024x683.jpg\" alt=\"\" class=\"wp-image-6299\" srcset=\"http:\/\/blogdoarmindomaia.com.br\/wp-content\/uploads\/2023\/09\/DANCARAXA-2023-Sucesso-solidariedade-e-talentos-em-destaques-pag-12-1024x683.jpg 1024w, http:\/\/blogdoarmindomaia.com.br\/wp-content\/uploads\/2023\/09\/DANCARAXA-2023-Sucesso-solidariedade-e-talentos-em-destaques-pag-12-300x200.jpg 300w, http:\/\/blogdoarmindomaia.com.br\/wp-content\/uploads\/2023\/09\/DANCARAXA-2023-Sucesso-solidariedade-e-talentos-em-destaques-pag-12-768x512.jpg 768w, http:\/\/blogdoarmindomaia.com.br\/wp-content\/uploads\/2023\/09\/DANCARAXA-2023-Sucesso-solidariedade-e-talentos-em-destaques-pag-12-1536x1024.jpg 1536w, http:\/\/blogdoarmindomaia.com.br\/wp-content\/uploads\/2023\/09\/DANCARAXA-2023-Sucesso-solidariedade-e-talentos-em-destaques-pag-12-2048x1365.jpg 2048w\" sizes=\"auto, (max-width: 1024px) 100vw, 1024px\" \/><\/figure>\n\n\n\n<p>O Festival Dan\u00e7arax\u00e1 2023 foi um verdadeiro triunfo! Com a participa\u00e7\u00e3o de mais de 60 escolas de dan\u00e7a, a apresenta\u00e7\u00e3o de cerca de 500 coreografias e a presen\u00e7a de mais de 1.300 dan\u00e7arinos talentosos, provenientes de 28 munic\u00edpios brasileiros, o evento brilhou com uma energia \u00fanica. Logo em sua abertura, contou com o Espet\u00e1culo Bandolins, do Grupo Marisol de Ribeir\u00e3o Preto, para encantar a todos.<\/p>\n\n\n\n<p>Al\u00e9m disso, o aspecto social do festival foi igualmente inspirador. O p\u00fablico participante se uniu em um ato not\u00e1vel de generosidade, doando aproximadamente 1 tonelada de alimentos de forma volunt\u00e1ria. Essas doa\u00e7\u00f5es foram entregues a institui\u00e7\u00f5es beneficentes que fazem a diferen\u00e7a em nossas comunidades, como a Obras Assistenciais Jo\u00e3o Am\u00e2ncio, o Centro Esp\u00edrita Auta de Souza, a Casa da Sopa Tia C\u00e9lia e a Associa\u00e7\u00e3o do Amor.<\/p>\n\n\n\n<p>De acordo com o assistente de produ\u00e7\u00e3o do evento, Jos\u00e9 Maur\u00edcio de Ara\u00fajo, \u201cO Dan\u00e7arax\u00e1 2023 n\u00e3o foi apenas sobre dan\u00e7a, mas tamb\u00e9m sobre solidariedade. Um evento que tocou cora\u00e7\u00f5es e fez a diferen\u00e7a na vida de muitos. Parab\u00e9ns a todos que tornaram isso poss\u00edvel!\u201d<\/p>\n\n\n\n<p>O festival competitivo, que possui uma das maiores premia\u00e7\u00f5es do pa\u00eds, reconheceu de maneira diferenciada alguns&nbsp;talentos extraordin\u00e1rios e performances emocionantes. Confira os resultados finais:<\/p>\n\n\n\n<p>MELHOR BAILARINO \u2013 R$ 1.500,00<\/p>\n\n\n\n<p>Jo\u00e3o Paulo Monteiro Dias \u2013 R&amp;C Ballet \u2013 Franca SP<\/p>\n\n\n\n<p>MELHOR BAILARINA \u2013 R$ 1.500,00<\/p>\n\n\n\n<p>Anna Beatriz Oliveira \u2013 Espa\u00e7o Bailar \u2013 Barretos SP<\/p>\n\n\n\n<p>MELHOR GRUPO \u2013 R$ 4.000,00<\/p>\n\n\n\n<p>CDK Centro de Dan\u00e7as Kathak \u2013 Arax\u00e1 MG<\/p>\n\n\n\n<p>GRUPO DESTAQUE \u2013 R$ 1.500,00<\/p>\n\n\n\n<p>Allegro Centro de Dan\u00e7a \u2013 Goiania GO<\/p>\n\n\n\n<p>COREOGRAFIA DESTAQUE \u2013 R$ 1.000,00<\/p>\n\n\n\n<p>\u201cQuebradores de Gelo\u201d \u2013 Studio A de Dan\u00e7a \u2013 Araguari MG<\/p>\n\n\n\n<p>BAILARINO REVELA\u00c7\u00c3O<\/p>\n\n\n\n<p>Pedro Henrique Cunha \u2013 Centro de Dan\u00e7a Lorena Senna \u2013 Arax\u00e1 MG<\/p>\n\n\n\n<p>BAILARINA REVELA\u00c7\u00c3O<\/p>\n\n\n\n<p>. Yasmim Vit\u00f3ria \u2013 Centro de Dan\u00e7a Lorena Senna \u2013 Arax\u00e1 MG<\/p>\n\n\n\n<p>. Ana Laura Nunes \u2013 Arte Movimento Studio de Dan\u00e7a \u2013 Uberaba MG<\/p>\n\n\n\n<p>CORE\u00d3GRAFOS<\/p>\n\n\n\n<p>. Lucas Maia \u2013 Studio Elisdan\u00e7a \u2013 Prata MG<\/p>\n\n\n\n<p>. Valmir Santos \u2013 CDK Centro de Dan\u00e7as Kathak \u2013 Arax\u00e1 MG<\/p>\n\n\n\n<p>. Jean Gomes Paiva \u2013 Arte Movimento Studio de Dan\u00e7a \u2013 Uberaba MG<\/p>\n\n\n\n<p>O Dan\u00e7arax\u00e1 \u00e9 promovido pela Elaine e Cia. Produ\u00e7\u00f5es e Tassiana Produ\u00e7\u00f5es Art\u00edsticas, e a edi\u00e7\u00e3o 2023 foi realizada por meio da Lei de Incentivo \u00e0 Cultura, do Minist\u00e9rio da Cultura e Governo Federal, e tamb\u00e9m pela Lei Estadual de Incentivo \u00e0 Cultura, da Secretaria de Cultura do Governo de Minas Gerais, contando com o patroc\u00ednio master da Bem Brasil e o patroc\u00ednio da CBMM.<\/p>\n","protected":false},"excerpt":{"rendered":"<p>O Festival Dan\u00e7arax\u00e1 2023 foi um verdadeiro triunfo! Com a participa\u00e7\u00e3o de mais de 60 escolas de dan\u00e7a, a apresenta\u00e7\u00e3o<\/p>\n","protected":false},"author":2,"featured_media":6299,"comment_status":"open","ping_status":"open","sticky":false,"template":"","format":"standard","meta":{"footnotes":""},"categories":[9,11],"tags":[],"class_list":["post-6298","post","type-post","status-publish","format-standard","has-post-thumbnail","hentry","category-araxa","category-destaques"],"_links":{"self":[{"href":"http:\/\/blogdoarmindomaia.com.br\/index.php?rest_route=\/wp\/v2\/posts\/6298","targetHints":{"allow":["GET"]}}],"collection":[{"href":"http:\/\/blogdoarmindomaia.com.br\/index.php?rest_route=\/wp\/v2\/posts"}],"about":[{"href":"http:\/\/blogdoarmindomaia.com.br\/index.php?rest_route=\/wp\/v2\/types\/post"}],"author":[{"embeddable":true,"href":"http:\/\/blogdoarmindomaia.com.br\/index.php?rest_route=\/wp\/v2\/users\/2"}],"replies":[{"embeddable":true,"href":"http:\/\/blogdoarmindomaia.com.br\/index.php?rest_route=%2Fwp%2Fv2%2Fcomments&post=6298"}],"version-history":[{"count":1,"href":"http:\/\/blogdoarmindomaia.com.br\/index.php?rest_route=\/wp\/v2\/posts\/6298\/revisions"}],"predecessor-version":[{"id":6300,"href":"http:\/\/blogdoarmindomaia.com.br\/index.php?rest_route=\/wp\/v2\/posts\/6298\/revisions\/6300"}],"wp:featuredmedia":[{"embeddable":true,"href":"http:\/\/blogdoarmindomaia.com.br\/index.php?rest_route=\/wp\/v2\/media\/6299"}],"wp:attachment":[{"href":"http:\/\/blogdoarmindomaia.com.br\/index.php?rest_route=%2Fwp%2Fv2%2Fmedia&parent=6298"}],"wp:term":[{"taxonomy":"category","embeddable":true,"href":"http:\/\/blogdoarmindomaia.com.br\/index.php?rest_route=%2Fwp%2Fv2%2Fcategories&post=6298"},{"taxonomy":"post_tag","embeddable":true,"href":"http:\/\/blogdoarmindomaia.com.br\/index.php?rest_route=%2Fwp%2Fv2%2Ftags&post=6298"}],"curies":[{"name":"wp","href":"https:\/\/api.w.org\/{rel}","templated":true}]}}