{"id":6327,"date":"2023-09-26T16:38:16","date_gmt":"2023-09-26T19:38:16","guid":{"rendered":"http:\/\/blogdoarmindomaia.com.br\/?p=6327"},"modified":"2023-09-26T16:38:18","modified_gmt":"2023-09-26T19:38:18","slug":"eleicao-para-novos-conselheiros-tutelares-de-araxa-acontece-dia-1o-de-outubro","status":"publish","type":"post","link":"http:\/\/blogdoarmindomaia.com.br\/?p=6327","title":{"rendered":"Elei\u00e7\u00e3o para novos conselheiros tutelares de Arax\u00e1 acontece dia 1\u00ba de outubro"},"content":{"rendered":"\n<figure class=\"wp-block-image size-full is-style-default\"><img loading=\"lazy\" decoding=\"async\" width=\"1024\" height=\"683\" src=\"http:\/\/blogdoarmindomaia.com.br\/wp-content\/uploads\/2023\/09\/Eleicao-para-novos-conselheiros-tutelares-de-Araxa-acontece-dia-1o-pag-07.jpeg\" alt=\"\" class=\"wp-image-6328\" srcset=\"http:\/\/blogdoarmindomaia.com.br\/wp-content\/uploads\/2023\/09\/Eleicao-para-novos-conselheiros-tutelares-de-Araxa-acontece-dia-1o-pag-07.jpeg 1024w, http:\/\/blogdoarmindomaia.com.br\/wp-content\/uploads\/2023\/09\/Eleicao-para-novos-conselheiros-tutelares-de-Araxa-acontece-dia-1o-pag-07-300x200.jpeg 300w, http:\/\/blogdoarmindomaia.com.br\/wp-content\/uploads\/2023\/09\/Eleicao-para-novos-conselheiros-tutelares-de-Araxa-acontece-dia-1o-pag-07-768x512.jpeg 768w\" sizes=\"auto, (max-width: 1024px) 100vw, 1024px\" \/><\/figure>\n\n\n\n<p>O Conselho Municipal dos Direitos da Crian\u00e7a e do Adolescente de Arax\u00e1 (CMDCA) promover\u00e1 a elei\u00e7\u00e3o dos novos integrantes do Conselho Tutelar no pr\u00f3ximo dia 1\u00ba de outubro, da 8h \u00e0s 17h, no Centro Universit\u00e1rio do Planalto de Arax\u00e1 (Uniarax\u00e1).<br><br>S\u00e3o 14 candidatos habilitados, poder\u00e3o votar qualquer cidad\u00e3o a partir de 16 anos que tenha o T\u00edtulo de Eleitor (situa\u00e7\u00e3o regular) e ser\u00e1 obrigat\u00f3rio apresentar um documento com foto.<br><br>O sistema de vota\u00e7\u00e3o ser\u00e1 secreto e por urna eletr\u00f4nica. O CMDCA conta com a parceira da Prefeitura de Arax\u00e1, por meio da Secretaria Municipal de A\u00e7\u00e3o Social, Minist\u00e9rio P\u00fablico e Cart\u00f3rio Eleitoral.<br><br>Os candidatos e representantes dos \u00f3rg\u00e3os envolvidos participaram de um treinamento com o Cart\u00f3rio Eleitoral nesta sexta-feira (22), no audit\u00f3rio da Prefeitura de Arax\u00e1.<br><br>Os 5 candidatos mais votados ser\u00e3o empossados como conselheiros tutelares em 10 janeiro de 2024 para um mandato de 4 anos, al\u00e9m de cinco suplentes.\u00a0<br><br>O perfil de cada candidato est\u00e1 dispon\u00edvel nas redes oficiais do CMDCA.<br><br><strong>Instagram:<\/strong>\u00a0@cmdcadearaxa<br><br><strong>Facebook:\u00a0<\/strong><a rel=\"noreferrer noopener\" href=\"http:\/\/facebook.com\/cmdcadearaxa\" target=\"_blank\">facebook.com\/cmdcadearaxa<\/a><br><br><strong>Atribui\u00e7\u00f5es dos conselheiros tutelares<\/strong><br><br>1- Atendimento de crian\u00e7as e adolescentes com seus direitos violados;<br><br>2- Realizar escuta, orienta\u00e7\u00e3o, aconselhamento de pais ou respons\u00e1veis aplicando medidas que julgar pertinentes;<br><br>3 &#8211; Fazer valer judicialmente suas decis\u00f5es visando a garantia dos direitos de crian\u00e7as e adolescentes;<br><br>4 &#8211; Fiscalizar entes que executem programas de prote\u00e7\u00e3o e socioeducativas;<br><br>5 &#8211; Comunicar aos competentes quando necessitar de apoio e interven\u00e7\u00e3o dos mesmos;<br><br>6 &#8211; Assessorar o Poder Executivo e Conselhos de Direitos na elabora\u00e7\u00e3o de pol\u00edticas p\u00fablicas voltados a inf\u00e2ncia e juventu<\/p>\n","protected":false},"excerpt":{"rendered":"<p>O Conselho Municipal dos Direitos da Crian\u00e7a e do Adolescente de Arax\u00e1 (CMDCA) promover\u00e1 a elei\u00e7\u00e3o dos novos integrantes do<\/p>\n","protected":false},"author":2,"featured_media":6328,"comment_status":"open","ping_status":"open","sticky":false,"template":"","format":"standard","meta":{"footnotes":""},"categories":[9,11],"tags":[],"class_list":["post-6327","post","type-post","status-publish","format-standard","has-post-thumbnail","hentry","category-araxa","category-destaques"],"_links":{"self":[{"href":"http:\/\/blogdoarmindomaia.com.br\/index.php?rest_route=\/wp\/v2\/posts\/6327","targetHints":{"allow":["GET"]}}],"collection":[{"href":"http:\/\/blogdoarmindomaia.com.br\/index.php?rest_route=\/wp\/v2\/posts"}],"about":[{"href":"http:\/\/blogdoarmindomaia.com.br\/index.php?rest_route=\/wp\/v2\/types\/post"}],"author":[{"embeddable":true,"href":"http:\/\/blogdoarmindomaia.com.br\/index.php?rest_route=\/wp\/v2\/users\/2"}],"replies":[{"embeddable":true,"href":"http:\/\/blogdoarmindomaia.com.br\/index.php?rest_route=%2Fwp%2Fv2%2Fcomments&post=6327"}],"version-history":[{"count":1,"href":"http:\/\/blogdoarmindomaia.com.br\/index.php?rest_route=\/wp\/v2\/posts\/6327\/revisions"}],"predecessor-version":[{"id":6329,"href":"http:\/\/blogdoarmindomaia.com.br\/index.php?rest_route=\/wp\/v2\/posts\/6327\/revisions\/6329"}],"wp:featuredmedia":[{"embeddable":true,"href":"http:\/\/blogdoarmindomaia.com.br\/index.php?rest_route=\/wp\/v2\/media\/6328"}],"wp:attachment":[{"href":"http:\/\/blogdoarmindomaia.com.br\/index.php?rest_route=%2Fwp%2Fv2%2Fmedia&parent=6327"}],"wp:term":[{"taxonomy":"category","embeddable":true,"href":"http:\/\/blogdoarmindomaia.com.br\/index.php?rest_route=%2Fwp%2Fv2%2Fcategories&post=6327"},{"taxonomy":"post_tag","embeddable":true,"href":"http:\/\/blogdoarmindomaia.com.br\/index.php?rest_route=%2Fwp%2Fv2%2Ftags&post=6327"}],"curies":[{"name":"wp","href":"https:\/\/api.w.org\/{rel}","templated":true}]}}