{"id":6330,"date":"2023-09-28T13:54:30","date_gmt":"2023-09-28T16:54:30","guid":{"rendered":"http:\/\/blogdoarmindomaia.com.br\/?p=6330"},"modified":"2023-09-28T13:54:32","modified_gmt":"2023-09-28T16:54:32","slug":"v2a-etapa-do-festival-paralimpico-brasileiro-recebe-mais-de-100-atletas-na-praca-da-juventude","status":"publish","type":"post","link":"http:\/\/blogdoarmindomaia.com.br\/?p=6330","title":{"rendered":"v2\u00aa etapa do Festival Paral\u00edmpico Brasileiro recebe mais de 100 atletas na Pra\u00e7a da Juventude"},"content":{"rendered":"\n<figure class=\"wp-block-image size-full is-style-default\"><img loading=\"lazy\" decoding=\"async\" width=\"1024\" height=\"683\" src=\"http:\/\/blogdoarmindomaia.com.br\/wp-content\/uploads\/2023\/09\/Festival-Paralimpico-3.jpg\" alt=\"\" class=\"wp-image-6331\" srcset=\"http:\/\/blogdoarmindomaia.com.br\/wp-content\/uploads\/2023\/09\/Festival-Paralimpico-3.jpg 1024w, http:\/\/blogdoarmindomaia.com.br\/wp-content\/uploads\/2023\/09\/Festival-Paralimpico-3-300x200.jpg 300w, http:\/\/blogdoarmindomaia.com.br\/wp-content\/uploads\/2023\/09\/Festival-Paralimpico-3-768x512.jpg 768w\" sizes=\"auto, (max-width: 1024px) 100vw, 1024px\" \/><\/figure>\n\n\n\n<p>Promover o esporte e a inclus\u00e3o entre crian\u00e7as e adolescentes. Foi assim a 2\u00aa etapa do Festival Paral\u00edmpico Brasileiro 2023, realizado no \u00faltimo s\u00e1bado (23), na Pra\u00e7a da Juventude, no bairro Urciano Lemos. O evento reuniu cerca de 100 crian\u00e7as e adolescentes entre 7 e 17 anos, familiares e equipe da Secretaria Municipal de Esportes.<br><br>O objetivo do Festival foi proporcionar ao p\u00fablico infantojuvenil, com ou sem defici\u00eancia, a viv\u00eancia, a inclus\u00e3o, a experi\u00eancia e socializa\u00e7\u00e3o por meio da pr\u00e1tica de quatro modalidades paral\u00edmpicas: atletismo, bocha, parabadminton e voleibol sentado.<br><br>O festival \u00e9 promovido pelo Comit\u00ea Paral\u00edmpico Brasileiro e acontece em 70 cidades-sedes do pa\u00eds para celebrar o Dia Nacional do Atleta Paral\u00edmpico. Esta foi a 2\u00aa etapa do evento em 2023. A primeira foi realizada em maio.<br><br>Vivian Sardinha, neuropsicopedagoga e m\u00e3e de Hugo Romeu, de 7 anos, conta como o esporte faz a diferen\u00e7a na vida do filho, que \u00e9 aluno da Associa\u00e7\u00e3o de Pais e Amigos dos Excepcionais (Apae).<br><br>\u201c\u00c9 muito importante essa parceria entre Administra\u00e7\u00e3o Municipal e a comunidade em prol do esporte e do incentivo \u00e0 pr\u00e1tica esportiva, principalmente para aqueles que possuem alguma defici\u00eancia. Dessa forma, crian\u00e7as e adolescentes, juntamente com o apoio familiar, podem participar ativamente de projetos e iniciativas do munic\u00edpio e receber o est\u00edmulo necess\u00e1rio para uma boa socializa\u00e7\u00e3o e desenvolvimento\u201d, afirma.<br><br>Segundo o secret\u00e1rio municipal de Esportes, Jos\u00e9 Antunes Soares J\u00fanior (Ded\u00e9), \u00e9 uma alegria imensa poder sediar, mais uma vez, um evento t\u00e3o grandioso como o Festival Paral\u00edmpico.<br><br>\u201cVer tantas crian\u00e7as e adolescentes, com seus familiares, reservando a manh\u00e3 de s\u00e1bado para se dedicarem ao esporte, nos deixa realmente muito felizes. Um evento de tamanha relev\u00e2ncia, estimula a pr\u00e1tica esportiva, envolve toda a popula\u00e7\u00e3o e refor\u00e7a a nossa admira\u00e7\u00e3o aos atletas paral\u00edmpicos\u201d, ressalta.<\/p>\n\n\n\n<p>Promover o esporte e a inclus\u00e3o entre crian\u00e7as e adolescentes. Foi assim a 2\u00aa etapa do Festival Paral\u00edmpico Brasileiro 2023, realizado no \u00faltimo s\u00e1bado (23), na Pra\u00e7a da Juventude, no bairro Urciano Lemos. O evento reuniu cerca de 100 crian\u00e7as e adolescentes entre 7 e 17 anos, familiares e equipe da Secretaria Municipal de Esportes.<br><br>O objetivo do Festival foi proporcionar ao p\u00fablico infantojuvenil, com ou sem defici\u00eancia, a viv\u00eancia, a inclus\u00e3o, a experi\u00eancia e socializa\u00e7\u00e3o por meio da pr\u00e1tica de quatro modalidades paral\u00edmpicas: atletismo, bocha, parabadminton e voleibol sentado.<br><br>O festival \u00e9 promovido pelo Comit\u00ea Paral\u00edmpico Brasileiro e acontece em 70 cidades-sedes do pa\u00eds para celebrar o Dia Nacional do Atleta Paral\u00edmpico. Esta foi a 2\u00aa etapa do evento em 2023. A primeira foi realizada em maio.<br><br>Vivian Sardinha, neuropsicopedagoga e m\u00e3e de Hugo Romeu, de 7 anos, conta como o esporte faz a diferen\u00e7a na vida do filho, que \u00e9 aluno da Associa\u00e7\u00e3o de Pais e Amigos dos Excepcionais (Apae).<br><br>\u201c\u00c9 muito importante essa parceria entre Administra\u00e7\u00e3o Municipal e a comunidade em prol do esporte e do incentivo \u00e0 pr\u00e1tica esportiva, principalmente para aqueles que possuem alguma defici\u00eancia. Dessa forma, crian\u00e7as e adolescentes, juntamente com o apoio familiar, podem participar ativamente de projetos e iniciativas do munic\u00edpio e receber o est\u00edmulo necess\u00e1rio para uma boa socializa\u00e7\u00e3o e desenvolvimento\u201d, afirma.<br><br>Segundo o secret\u00e1rio municipal de Esportes, Jos\u00e9 Antunes Soares J\u00fanior (Ded\u00e9), \u00e9 uma alegria imensa poder sediar, mais uma vez, um evento t\u00e3o grandioso como o Festival Paral\u00edmpico.<br><br>\u201cVer tantas crian\u00e7as e adolescentes, com seus familiares, reservando a manh\u00e3 de s\u00e1bado para se dedicarem ao esporte, nos deixa realmente muito felizes. Um evento de tamanha relev\u00e2ncia, estimula a pr\u00e1tica esportiva, envolve toda a popula\u00e7\u00e3o e refor\u00e7a a nossa admira\u00e7\u00e3o aos atletas paral\u00edmpicos\u201d, ressalta.<\/p>\n","protected":false},"excerpt":{"rendered":"<p>Promover o esporte e a inclus\u00e3o entre crian\u00e7as e adolescentes. Foi assim a 2\u00aa etapa do Festival Paral\u00edmpico Brasileiro 2023,<\/p>\n","protected":false},"author":2,"featured_media":6331,"comment_status":"open","ping_status":"open","sticky":false,"template":"","format":"standard","meta":{"footnotes":""},"categories":[9,11],"tags":[],"class_list":["post-6330","post","type-post","status-publish","format-standard","has-post-thumbnail","hentry","category-araxa","category-destaques"],"_links":{"self":[{"href":"http:\/\/blogdoarmindomaia.com.br\/index.php?rest_route=\/wp\/v2\/posts\/6330","targetHints":{"allow":["GET"]}}],"collection":[{"href":"http:\/\/blogdoarmindomaia.com.br\/index.php?rest_route=\/wp\/v2\/posts"}],"about":[{"href":"http:\/\/blogdoarmindomaia.com.br\/index.php?rest_route=\/wp\/v2\/types\/post"}],"author":[{"embeddable":true,"href":"http:\/\/blogdoarmindomaia.com.br\/index.php?rest_route=\/wp\/v2\/users\/2"}],"replies":[{"embeddable":true,"href":"http:\/\/blogdoarmindomaia.com.br\/index.php?rest_route=%2Fwp%2Fv2%2Fcomments&post=6330"}],"version-history":[{"count":1,"href":"http:\/\/blogdoarmindomaia.com.br\/index.php?rest_route=\/wp\/v2\/posts\/6330\/revisions"}],"predecessor-version":[{"id":6332,"href":"http:\/\/blogdoarmindomaia.com.br\/index.php?rest_route=\/wp\/v2\/posts\/6330\/revisions\/6332"}],"wp:featuredmedia":[{"embeddable":true,"href":"http:\/\/blogdoarmindomaia.com.br\/index.php?rest_route=\/wp\/v2\/media\/6331"}],"wp:attachment":[{"href":"http:\/\/blogdoarmindomaia.com.br\/index.php?rest_route=%2Fwp%2Fv2%2Fmedia&parent=6330"}],"wp:term":[{"taxonomy":"category","embeddable":true,"href":"http:\/\/blogdoarmindomaia.com.br\/index.php?rest_route=%2Fwp%2Fv2%2Fcategories&post=6330"},{"taxonomy":"post_tag","embeddable":true,"href":"http:\/\/blogdoarmindomaia.com.br\/index.php?rest_route=%2Fwp%2Fv2%2Ftags&post=6330"}],"curies":[{"name":"wp","href":"https:\/\/api.w.org\/{rel}","templated":true}]}}