{"id":6352,"date":"2023-10-03T14:22:44","date_gmt":"2023-10-03T17:22:44","guid":{"rendered":"http:\/\/blogdoarmindomaia.com.br\/?p=6352"},"modified":"2023-10-03T14:22:47","modified_gmt":"2023-10-03T17:22:47","slug":"prefeitura-de-araxa-cria-grupo-de-trabalho-para-solucionar-e-prevenir-danos-causados-por-temporais","status":"publish","type":"post","link":"http:\/\/blogdoarmindomaia.com.br\/?p=6352","title":{"rendered":"Prefeitura de Arax\u00e1 cria grupo de trabalho para solucionar e prevenir danos causados por temporais"},"content":{"rendered":"\n<figure class=\"wp-block-image size-full is-style-default\"><img loading=\"lazy\" decoding=\"async\" width=\"1025\" height=\"683\" src=\"http:\/\/blogdoarmindomaia.com.br\/wp-content\/uploads\/2023\/10\/Prefeitura-de-Araxa-cria-grupo-de-trabalho-para-solucionar-pag-07.jpeg\" alt=\"\" class=\"wp-image-6353\" srcset=\"http:\/\/blogdoarmindomaia.com.br\/wp-content\/uploads\/2023\/10\/Prefeitura-de-Araxa-cria-grupo-de-trabalho-para-solucionar-pag-07.jpeg 1025w, http:\/\/blogdoarmindomaia.com.br\/wp-content\/uploads\/2023\/10\/Prefeitura-de-Araxa-cria-grupo-de-trabalho-para-solucionar-pag-07-300x200.jpeg 300w, http:\/\/blogdoarmindomaia.com.br\/wp-content\/uploads\/2023\/10\/Prefeitura-de-Araxa-cria-grupo-de-trabalho-para-solucionar-pag-07-768x512.jpeg 768w\" sizes=\"auto, (max-width: 1025px) 100vw, 1025px\" \/><\/figure>\n\n\n\n<p>O prefeito Robson Magela criou um grupo de trabalho para buscar solu\u00e7\u00f5es aos danos causados pelos temporais que t\u00eam acontecido em Arax\u00e1 nos \u00faltimos tempos, e garantir o bem-estar da popula\u00e7\u00e3o. O grupo vai elaborar um plano de a\u00e7\u00e3o multissetorial com execu\u00e7\u00f5es de curto, m\u00e9dio e longo prazo.<br><br>O grupo de trabalho \u00e9 composto pelas Secretarias Municipais de Seguran\u00e7a P\u00fablica, Servi\u00e7os Urbanos, A\u00e7\u00e3o Social, Obras P\u00fablicas e Mobilidade Urbana, Procuradoria-Geral do Munic\u00edpio, Governo, al\u00e9m do Instituto de Planejamento e Desenvolvimento Sustent\u00e1vel de Arax\u00e1 (IPDSA) e a Defesa Civil Municipal.<br><br>Cada setor ficar\u00e1 respons\u00e1vel por mapear os locais de riscos, com visitas t\u00e9cnicas, elabora\u00e7\u00e3o de projetos e capta\u00e7\u00e3o de recursos para situa\u00e7\u00f5es emergenciais. Os trabalhos ser\u00e3o coordenados pela Secretaria de Governo, conjuntamente com a Procuradoria e o IPDSA.<br><br>De acordo com o prefeito Robson Magela, a a\u00e7\u00e3o se faz necess\u00e1ria para proteger a popula\u00e7\u00e3o e trabalhar de forma efetiva na preven\u00e7\u00e3o de desastres.<br><br>\u201cNossa principal preocupa\u00e7\u00e3o \u00e9 garantir a seguran\u00e7a das pessoas. Por meio do plano que ser\u00e1 elaborado por esse grupo, cada setor vai montar o seu relat\u00f3rio peri\u00f3dico sobre as demandas identificadas e, com isso, as a\u00e7\u00f5es v\u00e3o sendo desenvolvidas e evoluindo a cada etapa, garantindo transpar\u00eancia e presta\u00e7\u00e3o de contas \u00e0 popula\u00e7\u00e3o\u201d, conclui o prefeito.<\/p>\n\n\n\n<p><br><\/p>\n","protected":false},"excerpt":{"rendered":"<p>O prefeito Robson Magela criou um grupo de trabalho para buscar solu\u00e7\u00f5es aos danos causados pelos temporais que t\u00eam acontecido<\/p>\n","protected":false},"author":2,"featured_media":6353,"comment_status":"open","ping_status":"open","sticky":false,"template":"","format":"standard","meta":{"footnotes":""},"categories":[9,11],"tags":[],"class_list":["post-6352","post","type-post","status-publish","format-standard","has-post-thumbnail","hentry","category-araxa","category-destaques"],"_links":{"self":[{"href":"http:\/\/blogdoarmindomaia.com.br\/index.php?rest_route=\/wp\/v2\/posts\/6352","targetHints":{"allow":["GET"]}}],"collection":[{"href":"http:\/\/blogdoarmindomaia.com.br\/index.php?rest_route=\/wp\/v2\/posts"}],"about":[{"href":"http:\/\/blogdoarmindomaia.com.br\/index.php?rest_route=\/wp\/v2\/types\/post"}],"author":[{"embeddable":true,"href":"http:\/\/blogdoarmindomaia.com.br\/index.php?rest_route=\/wp\/v2\/users\/2"}],"replies":[{"embeddable":true,"href":"http:\/\/blogdoarmindomaia.com.br\/index.php?rest_route=%2Fwp%2Fv2%2Fcomments&post=6352"}],"version-history":[{"count":1,"href":"http:\/\/blogdoarmindomaia.com.br\/index.php?rest_route=\/wp\/v2\/posts\/6352\/revisions"}],"predecessor-version":[{"id":6354,"href":"http:\/\/blogdoarmindomaia.com.br\/index.php?rest_route=\/wp\/v2\/posts\/6352\/revisions\/6354"}],"wp:featuredmedia":[{"embeddable":true,"href":"http:\/\/blogdoarmindomaia.com.br\/index.php?rest_route=\/wp\/v2\/media\/6353"}],"wp:attachment":[{"href":"http:\/\/blogdoarmindomaia.com.br\/index.php?rest_route=%2Fwp%2Fv2%2Fmedia&parent=6352"}],"wp:term":[{"taxonomy":"category","embeddable":true,"href":"http:\/\/blogdoarmindomaia.com.br\/index.php?rest_route=%2Fwp%2Fv2%2Fcategories&post=6352"},{"taxonomy":"post_tag","embeddable":true,"href":"http:\/\/blogdoarmindomaia.com.br\/index.php?rest_route=%2Fwp%2Fv2%2Ftags&post=6352"}],"curies":[{"name":"wp","href":"https:\/\/api.w.org\/{rel}","templated":true}]}}