{"id":6355,"date":"2023-10-03T14:25:39","date_gmt":"2023-10-03T17:25:39","guid":{"rendered":"http:\/\/blogdoarmindomaia.com.br\/?p=6355"},"modified":"2023-10-03T14:25:41","modified_gmt":"2023-10-03T17:25:41","slug":"secretaria-de-educacao-abre-semana-da-crianca-no-oratorio-nossa-senhora-auxiliadora","status":"publish","type":"post","link":"http:\/\/blogdoarmindomaia.com.br\/?p=6355","title":{"rendered":"Secretaria de Educa\u00e7\u00e3o abre Semana da Crian\u00e7a no Orat\u00f3rio Nossa Senhora Auxiliadora"},"content":{"rendered":"\n<figure class=\"wp-block-image size-full is-style-default\"><img loading=\"lazy\" decoding=\"async\" width=\"1024\" height=\"683\" src=\"http:\/\/blogdoarmindomaia.com.br\/wp-content\/uploads\/2023\/10\/oratorio-7.jpeg\" alt=\"\" class=\"wp-image-6356\" srcset=\"http:\/\/blogdoarmindomaia.com.br\/wp-content\/uploads\/2023\/10\/oratorio-7.jpeg 1024w, http:\/\/blogdoarmindomaia.com.br\/wp-content\/uploads\/2023\/10\/oratorio-7-300x200.jpeg 300w, http:\/\/blogdoarmindomaia.com.br\/wp-content\/uploads\/2023\/10\/oratorio-7-768x512.jpeg 768w\" sizes=\"auto, (max-width: 1024px) 100vw, 1024px\" \/><\/figure>\n\n\n\n<p>\u201cSer crian\u00e7a \u00e9 viver alegrias e pintar a vida com as cores do cora\u00e7\u00e3o\u201d. Foi com esta mensagem que a Secretaria Municipal de Educa\u00e7\u00e3o iniciou a Semana da Crian\u00e7a, no Orat\u00f3rio Nossa Senhora Auxiliadora, no bairro Boa Vista.<br><br>A abertura das atividades contou com a presen\u00e7a do prefeito Robson Magela; da secret\u00e1ria municipal de Educa\u00e7\u00e3o, Zulma Moreira; do padre Jonathan Costa; e da coordenadora do orat\u00f3rio, Vanessa Chagas, e equipe.<br><br>Com uma recep\u00e7\u00e3o bastante animada, os alunos e professores promoveram uma apresenta\u00e7\u00e3o com muita m\u00fasica e alegria.<br><br>\u201cPreparamos uma semana repleta de brincadeiras, lanches especiais e muita divers\u00e3o para todos os alunos da Rede Municipal de Ensino, afinal, a semana \u00e9 todinha deles. Est\u00e1 lindo ver todas as institui\u00e7\u00f5es decoradas. S\u00e3o momentos assim que ficar\u00e3o marcados para sempre na vida dos pequenos\u201d, ressalta a secret\u00e1ria Zulma Moreira.<br><br>A coordenadora Vanessa Chagas afirma que a programa\u00e7\u00e3o contribui diretamente na aprendizagem e socializa\u00e7\u00e3o das crian\u00e7as. \u201cVamos promover gincanas, o dia do brinquedo, desfile brega, comemora\u00e7\u00e3o para os aniversariantes do m\u00eas, festa das cores e demais atividades, com 250 alunos de 6 a 17 anos. \u00c9 um momento em que confirmamos como podemos tornar diferente, transformar para melhor, a vida dessas crian\u00e7as e adolescentes\u201d, afirma.<br><br>O prefeito Robson Magela destaca a uni\u00e3o dos servidores da Secretaria Municipal de Educa\u00e7\u00e3o em prol de um bem comum: a divers\u00e3o das crian\u00e7as.<br><br>\u201cFiquei imensamente feliz em poder participar da abertura desta semana voltada a um p\u00fablico que merece toda nossa aten\u00e7\u00e3o e carinho. \u00c9 de enorme import\u00e2ncia promover a\u00e7\u00f5es como essas nas escolas para que as crian\u00e7as se sintam especiais, com todo carinho dedicado por nossas equipes\u201d, reitera.<\/p>\n","protected":false},"excerpt":{"rendered":"<p>\u201cSer crian\u00e7a \u00e9 viver alegrias e pintar a vida com as cores do cora\u00e7\u00e3o\u201d. Foi com esta mensagem que a<\/p>\n","protected":false},"author":2,"featured_media":6356,"comment_status":"open","ping_status":"open","sticky":false,"template":"","format":"standard","meta":{"footnotes":""},"categories":[9,11,13],"tags":[],"class_list":["post-6355","post","type-post","status-publish","format-standard","has-post-thumbnail","hentry","category-araxa","category-destaques","category-educacao"],"_links":{"self":[{"href":"http:\/\/blogdoarmindomaia.com.br\/index.php?rest_route=\/wp\/v2\/posts\/6355","targetHints":{"allow":["GET"]}}],"collection":[{"href":"http:\/\/blogdoarmindomaia.com.br\/index.php?rest_route=\/wp\/v2\/posts"}],"about":[{"href":"http:\/\/blogdoarmindomaia.com.br\/index.php?rest_route=\/wp\/v2\/types\/post"}],"author":[{"embeddable":true,"href":"http:\/\/blogdoarmindomaia.com.br\/index.php?rest_route=\/wp\/v2\/users\/2"}],"replies":[{"embeddable":true,"href":"http:\/\/blogdoarmindomaia.com.br\/index.php?rest_route=%2Fwp%2Fv2%2Fcomments&post=6355"}],"version-history":[{"count":1,"href":"http:\/\/blogdoarmindomaia.com.br\/index.php?rest_route=\/wp\/v2\/posts\/6355\/revisions"}],"predecessor-version":[{"id":6357,"href":"http:\/\/blogdoarmindomaia.com.br\/index.php?rest_route=\/wp\/v2\/posts\/6355\/revisions\/6357"}],"wp:featuredmedia":[{"embeddable":true,"href":"http:\/\/blogdoarmindomaia.com.br\/index.php?rest_route=\/wp\/v2\/media\/6356"}],"wp:attachment":[{"href":"http:\/\/blogdoarmindomaia.com.br\/index.php?rest_route=%2Fwp%2Fv2%2Fmedia&parent=6355"}],"wp:term":[{"taxonomy":"category","embeddable":true,"href":"http:\/\/blogdoarmindomaia.com.br\/index.php?rest_route=%2Fwp%2Fv2%2Fcategories&post=6355"},{"taxonomy":"post_tag","embeddable":true,"href":"http:\/\/blogdoarmindomaia.com.br\/index.php?rest_route=%2Fwp%2Fv2%2Ftags&post=6355"}],"curies":[{"name":"wp","href":"https:\/\/api.w.org\/{rel}","templated":true}]}}