{"id":6362,"date":"2023-10-05T14:23:16","date_gmt":"2023-10-05T17:23:16","guid":{"rendered":"http:\/\/blogdoarmindomaia.com.br\/?p=6362"},"modified":"2023-10-05T14:23:18","modified_gmt":"2023-10-05T17:23:18","slug":"procon-araxa-abre-processo-seletivo-de-estagio-para-estudantes-de-direito","status":"publish","type":"post","link":"http:\/\/blogdoarmindomaia.com.br\/?p=6362","title":{"rendered":"Procon Arax\u00e1 abre processo seletivo de est\u00e1gio para estudantes de Direito"},"content":{"rendered":"\n<figure class=\"wp-block-image size-full is-style-default\"><img loading=\"lazy\" decoding=\"async\" width=\"1024\" height=\"683\" src=\"http:\/\/blogdoarmindomaia.com.br\/wp-content\/uploads\/2023\/10\/procon.jpeg\" alt=\"\" class=\"wp-image-6363\" srcset=\"http:\/\/blogdoarmindomaia.com.br\/wp-content\/uploads\/2023\/10\/procon.jpeg 1024w, http:\/\/blogdoarmindomaia.com.br\/wp-content\/uploads\/2023\/10\/procon-300x200.jpeg 300w, http:\/\/blogdoarmindomaia.com.br\/wp-content\/uploads\/2023\/10\/procon-768x512.jpeg 768w\" sizes=\"auto, (max-width: 1024px) 100vw, 1024px\" \/><\/figure>\n\n\n\n<p>O Programa Municipal de Prote\u00e7\u00e3o e Defesa do Consumidor (Procon) de Arax\u00e1 abriu&nbsp; na segunda-feira (2), processo seletivo para preenchimento de vagas para estagi\u00e1rio de gradua\u00e7\u00e3o em Direito (2\u00ba ao 7\u00ba per\u00edodo) e para forma\u00e7\u00e3o de cadastro de reserva. O processo seletivo ser\u00e1 composto de prova escrita e reda\u00e7\u00e3o em etapa \u00fanica.<br><br>As inscri\u00e7\u00f5es s\u00e3o gratuitas e devem ser feitas at\u00e9 o dia 20 de outubro. O formul\u00e1rio de inscri\u00e7\u00e3o consta no edital e deve ser enviado para o e-mail (&nbsp;<a href=\"mailto:procon@araxa.mg.gov.br\" target=\"_blank\" rel=\"noreferrer noopener\">procon@araxa.mg.gov.br<\/a>&nbsp;). Os candidatos aprovados receber\u00e3o pelas atividades prestadas uma bolsa complementar educacional no valor de 100% da mensalidade do curso, acrescido de vale-transporte<br><br>Os interessados devem acessar o edital, dispon\u00edvel no site oficial da Prefeitura de Arax\u00e1, por meio do link: Editais e Processos &gt; Concursos P\u00fablicos e Processos Seletivos &gt; PROCON \u2013 ARAX\u00c1\/MG &gt; Edital no. 02\/2023 \u2013 Processo Seletivo para Contrata\u00e7\u00e3o e Forma\u00e7\u00e3o de Cadastro de Reserva para Est\u00e1gio no PROCON \u2013 ARAX\u00c1\/MG.<br><\/p>\n","protected":false},"excerpt":{"rendered":"<p>O Programa Municipal de Prote\u00e7\u00e3o e Defesa do Consumidor (Procon) de Arax\u00e1 abriu&nbsp; na segunda-feira (2), processo seletivo para preenchimento<\/p>\n","protected":false},"author":2,"featured_media":6363,"comment_status":"open","ping_status":"open","sticky":false,"template":"","format":"standard","meta":{"footnotes":""},"categories":[9,11],"tags":[],"class_list":["post-6362","post","type-post","status-publish","format-standard","has-post-thumbnail","hentry","category-araxa","category-destaques"],"_links":{"self":[{"href":"http:\/\/blogdoarmindomaia.com.br\/index.php?rest_route=\/wp\/v2\/posts\/6362","targetHints":{"allow":["GET"]}}],"collection":[{"href":"http:\/\/blogdoarmindomaia.com.br\/index.php?rest_route=\/wp\/v2\/posts"}],"about":[{"href":"http:\/\/blogdoarmindomaia.com.br\/index.php?rest_route=\/wp\/v2\/types\/post"}],"author":[{"embeddable":true,"href":"http:\/\/blogdoarmindomaia.com.br\/index.php?rest_route=\/wp\/v2\/users\/2"}],"replies":[{"embeddable":true,"href":"http:\/\/blogdoarmindomaia.com.br\/index.php?rest_route=%2Fwp%2Fv2%2Fcomments&post=6362"}],"version-history":[{"count":1,"href":"http:\/\/blogdoarmindomaia.com.br\/index.php?rest_route=\/wp\/v2\/posts\/6362\/revisions"}],"predecessor-version":[{"id":6364,"href":"http:\/\/blogdoarmindomaia.com.br\/index.php?rest_route=\/wp\/v2\/posts\/6362\/revisions\/6364"}],"wp:featuredmedia":[{"embeddable":true,"href":"http:\/\/blogdoarmindomaia.com.br\/index.php?rest_route=\/wp\/v2\/media\/6363"}],"wp:attachment":[{"href":"http:\/\/blogdoarmindomaia.com.br\/index.php?rest_route=%2Fwp%2Fv2%2Fmedia&parent=6362"}],"wp:term":[{"taxonomy":"category","embeddable":true,"href":"http:\/\/blogdoarmindomaia.com.br\/index.php?rest_route=%2Fwp%2Fv2%2Fcategories&post=6362"},{"taxonomy":"post_tag","embeddable":true,"href":"http:\/\/blogdoarmindomaia.com.br\/index.php?rest_route=%2Fwp%2Fv2%2Ftags&post=6362"}],"curies":[{"name":"wp","href":"https:\/\/api.w.org\/{rel}","templated":true}]}}