{"id":6373,"date":"2023-10-10T15:54:40","date_gmt":"2023-10-10T18:54:40","guid":{"rendered":"http:\/\/blogdoarmindomaia.com.br\/?p=6373"},"modified":"2023-10-10T15:54:42","modified_gmt":"2023-10-10T18:54:42","slug":"zema-vistoria-obras-em-rodovias-no-triangulo-mineiro-e-alto-paranaiba","status":"publish","type":"post","link":"http:\/\/blogdoarmindomaia.com.br\/?p=6373","title":{"rendered":"Zema vistoria obras em rodovias no Tri\u00e2ngulo Mineiro e Alto Parana\u00edba"},"content":{"rendered":"\n<figure class=\"wp-block-image size-full is-style-default\"><img loading=\"lazy\" decoding=\"async\" width=\"800\" height=\"533\" src=\"http:\/\/blogdoarmindomaia.com.br\/wp-content\/uploads\/2023\/10\/Zema-vistoria-obras-em-rodovias-no-Triangulo-Mineiro-e-Alto-Paranaiba-pag-04.jpeg\" alt=\"\" class=\"wp-image-6374\" srcset=\"http:\/\/blogdoarmindomaia.com.br\/wp-content\/uploads\/2023\/10\/Zema-vistoria-obras-em-rodovias-no-Triangulo-Mineiro-e-Alto-Paranaiba-pag-04.jpeg 800w, http:\/\/blogdoarmindomaia.com.br\/wp-content\/uploads\/2023\/10\/Zema-vistoria-obras-em-rodovias-no-Triangulo-Mineiro-e-Alto-Paranaiba-pag-04-300x200.jpeg 300w, http:\/\/blogdoarmindomaia.com.br\/wp-content\/uploads\/2023\/10\/Zema-vistoria-obras-em-rodovias-no-Triangulo-Mineiro-e-Alto-Paranaiba-pag-04-768x512.jpeg 768w\" sizes=\"auto, (max-width: 800px) 100vw, 800px\" \/><\/figure>\n\n\n\n<p>O governador Romeu Zema vistoriou, na segunda-feira (9\/10), dois importantes trechos rodovi\u00e1rios que passam por recupera\u00e7\u00e3o funcional no Tri\u00e2ngulo Mineiro e Alto Parana\u00edba nas MG-190 e MG-464. Ap\u00f3s a conclus\u00e3o das obras, as duas rodovias somar\u00e3o mais de 80 quil\u00f4metros de asfalto completamente novo.<br><br>Os dois segmentos s\u00e3o rotas de escoamento da produ\u00e7\u00e3o agropecu\u00e1ria e industrial no Tri\u00e2ngulo, al\u00e9m de atenderem milhares de pessoas que se deslocam na regi\u00e3o a trabalho, lazer ou em busca de atendimento de sa\u00fade.<br><br>&#8220;Fico muito satisfeito de estar aqui na regi\u00e3o. A estrada estava em uma situa\u00e7\u00e3o muito ruim e a popula\u00e7\u00e3o j\u00e1 solicitava h\u00e1 anos uma recupera\u00e7\u00e3o. E n\u00f3s verificamos aqui que o trabalho j\u00e1 est\u00e1 caminhando para a etapa final. Em cerca de 40 dias, esse trecho todo ser\u00e1 entregue, trazendo benef\u00edcios para quem mora em Sacramento e em toda regi\u00e3o. Esta&nbsp;\u00e9 mais uma estrada que ficou por anos aguardando melhorias e que o nosso governo est\u00e1 entregando&#8221;, destaca o governador.<br><br>Na MG-190, em Arax\u00e1, no Alto Parana\u00edba a vistoria ocorreu no km 180, onde equipes do&nbsp;<a href=\"https:\/\/www.der.mg.gov.br\/\" target=\"_blank\" rel=\"noreferrer noopener\">Departamento de Estradas de Rodagem de Minas Gerais (DER-MG)<\/a>&nbsp;realizam a execu\u00e7\u00e3o da capa asf\u00e1ltica. O trecho em obras tem cerca de 29 quil\u00f4metros de extens\u00e3o, e as obras t\u00eam potencial para gera\u00e7\u00e3o de aproximadamente 300 empregos diretos e indiretos. O investimento previsto na obra \u00e9 de R$ 16,7 milh\u00f5es.<br><br>A expectativa de conclus\u00e3o da recupera\u00e7\u00e3o funcional \u00e9 para o final de novembro, antes da intensifica\u00e7\u00e3o das chuvas na regi\u00e3o. A etapa final de todo o servi\u00e7o prev\u00ea a aplica\u00e7\u00e3o de um microrrevestimento em todo o segmento.<strong><\/strong><\/p>\n","protected":false},"excerpt":{"rendered":"<p>O governador Romeu Zema vistoriou, na segunda-feira (9\/10), dois importantes trechos rodovi\u00e1rios que passam por recupera\u00e7\u00e3o funcional no Tri\u00e2ngulo Mineiro<\/p>\n","protected":false},"author":2,"featured_media":6374,"comment_status":"open","ping_status":"open","sticky":false,"template":"","format":"standard","meta":{"footnotes":""},"categories":[9,11],"tags":[],"class_list":["post-6373","post","type-post","status-publish","format-standard","has-post-thumbnail","hentry","category-araxa","category-destaques"],"_links":{"self":[{"href":"http:\/\/blogdoarmindomaia.com.br\/index.php?rest_route=\/wp\/v2\/posts\/6373","targetHints":{"allow":["GET"]}}],"collection":[{"href":"http:\/\/blogdoarmindomaia.com.br\/index.php?rest_route=\/wp\/v2\/posts"}],"about":[{"href":"http:\/\/blogdoarmindomaia.com.br\/index.php?rest_route=\/wp\/v2\/types\/post"}],"author":[{"embeddable":true,"href":"http:\/\/blogdoarmindomaia.com.br\/index.php?rest_route=\/wp\/v2\/users\/2"}],"replies":[{"embeddable":true,"href":"http:\/\/blogdoarmindomaia.com.br\/index.php?rest_route=%2Fwp%2Fv2%2Fcomments&post=6373"}],"version-history":[{"count":1,"href":"http:\/\/blogdoarmindomaia.com.br\/index.php?rest_route=\/wp\/v2\/posts\/6373\/revisions"}],"predecessor-version":[{"id":6375,"href":"http:\/\/blogdoarmindomaia.com.br\/index.php?rest_route=\/wp\/v2\/posts\/6373\/revisions\/6375"}],"wp:featuredmedia":[{"embeddable":true,"href":"http:\/\/blogdoarmindomaia.com.br\/index.php?rest_route=\/wp\/v2\/media\/6374"}],"wp:attachment":[{"href":"http:\/\/blogdoarmindomaia.com.br\/index.php?rest_route=%2Fwp%2Fv2%2Fmedia&parent=6373"}],"wp:term":[{"taxonomy":"category","embeddable":true,"href":"http:\/\/blogdoarmindomaia.com.br\/index.php?rest_route=%2Fwp%2Fv2%2Fcategories&post=6373"},{"taxonomy":"post_tag","embeddable":true,"href":"http:\/\/blogdoarmindomaia.com.br\/index.php?rest_route=%2Fwp%2Fv2%2Ftags&post=6373"}],"curies":[{"name":"wp","href":"https:\/\/api.w.org\/{rel}","templated":true}]}}