{"id":6379,"date":"2023-10-10T15:59:59","date_gmt":"2023-10-10T18:59:59","guid":{"rendered":"http:\/\/blogdoarmindomaia.com.br\/?p=6379"},"modified":"2023-10-10T16:00:01","modified_gmt":"2023-10-10T19:00:01","slug":"mundial-de-ciclismo-araxa-podera-sediar-etapa-em-2024","status":"publish","type":"post","link":"http:\/\/blogdoarmindomaia.com.br\/?p=6379","title":{"rendered":"Mundial de Ciclismo: Arax\u00e1 poder\u00e1 sediar etapa em 2024"},"content":{"rendered":"\n<figure class=\"wp-block-image size-full is-style-default\"><img loading=\"lazy\" decoding=\"async\" width=\"770\" height=\"685\" src=\"http:\/\/blogdoarmindomaia.com.br\/wp-content\/uploads\/2023\/10\/Mundial-de-Ciclismo-esporte.jpg\" alt=\"\" class=\"wp-image-6380\" srcset=\"http:\/\/blogdoarmindomaia.com.br\/wp-content\/uploads\/2023\/10\/Mundial-de-Ciclismo-esporte.jpg 770w, http:\/\/blogdoarmindomaia.com.br\/wp-content\/uploads\/2023\/10\/Mundial-de-Ciclismo-esporte-300x267.jpg 300w, http:\/\/blogdoarmindomaia.com.br\/wp-content\/uploads\/2023\/10\/Mundial-de-Ciclismo-esporte-768x683.jpg 768w\" sizes=\"auto, (max-width: 770px) 100vw, 770px\" \/><\/figure>\n\n\n\n<p>Uma equipe t\u00e9cnica da Comiss\u00e3o Organizadora do Campeonato Mundial de Ciclismo, est\u00e1 em Arax\u00e1&nbsp; desde o in\u00edcio desta semana. De acordo com as apura\u00e7\u00f5es do Jornal Intera\u00e7\u00e3o, os t\u00e9cnicos est\u00e3o em Arax\u00e1, vendo de perto a estrutura da cidade, pista, transporte, hot\u00e9is entre outras ferramentas que possam credenciar Arax\u00e1 como sede de uma etapa do concorrido e disputado Campeonato Mundial no ano que vem.<\/p>\n\n\n\n<p>Ainda segundo se apurou, a decis\u00e3o ofiial sair\u00e1 no dia 17 de outubro, pr\u00f3xima ter\u00e7a feira. Prefeitura de Arax\u00e1, Governo de Minas, CBMM entre outros parceiros est\u00e3o apoiando dando total incentivo para Arax\u00e1 seja a escolhida para receber um evento de n\u00edvel mundial, como \u00e9 a Copa do Mundo de Ciclismo, que dever\u00e1 reunir em torno de representantes de 60 pa\u00edses; os melhores do mundo.&nbsp;&nbsp;&nbsp;&nbsp; &nbsp;&nbsp;<\/p>\n","protected":false},"excerpt":{"rendered":"<p>Uma equipe t\u00e9cnica da Comiss\u00e3o Organizadora do Campeonato Mundial de Ciclismo, est\u00e1 em Arax\u00e1&nbsp; desde o in\u00edcio desta semana. De<\/p>\n","protected":false},"author":2,"featured_media":6380,"comment_status":"open","ping_status":"open","sticky":false,"template":"","format":"standard","meta":{"footnotes":""},"categories":[9,11],"tags":[],"class_list":["post-6379","post","type-post","status-publish","format-standard","has-post-thumbnail","hentry","category-araxa","category-destaques"],"_links":{"self":[{"href":"http:\/\/blogdoarmindomaia.com.br\/index.php?rest_route=\/wp\/v2\/posts\/6379","targetHints":{"allow":["GET"]}}],"collection":[{"href":"http:\/\/blogdoarmindomaia.com.br\/index.php?rest_route=\/wp\/v2\/posts"}],"about":[{"href":"http:\/\/blogdoarmindomaia.com.br\/index.php?rest_route=\/wp\/v2\/types\/post"}],"author":[{"embeddable":true,"href":"http:\/\/blogdoarmindomaia.com.br\/index.php?rest_route=\/wp\/v2\/users\/2"}],"replies":[{"embeddable":true,"href":"http:\/\/blogdoarmindomaia.com.br\/index.php?rest_route=%2Fwp%2Fv2%2Fcomments&post=6379"}],"version-history":[{"count":1,"href":"http:\/\/blogdoarmindomaia.com.br\/index.php?rest_route=\/wp\/v2\/posts\/6379\/revisions"}],"predecessor-version":[{"id":6381,"href":"http:\/\/blogdoarmindomaia.com.br\/index.php?rest_route=\/wp\/v2\/posts\/6379\/revisions\/6381"}],"wp:featuredmedia":[{"embeddable":true,"href":"http:\/\/blogdoarmindomaia.com.br\/index.php?rest_route=\/wp\/v2\/media\/6380"}],"wp:attachment":[{"href":"http:\/\/blogdoarmindomaia.com.br\/index.php?rest_route=%2Fwp%2Fv2%2Fmedia&parent=6379"}],"wp:term":[{"taxonomy":"category","embeddable":true,"href":"http:\/\/blogdoarmindomaia.com.br\/index.php?rest_route=%2Fwp%2Fv2%2Fcategories&post=6379"},{"taxonomy":"post_tag","embeddable":true,"href":"http:\/\/blogdoarmindomaia.com.br\/index.php?rest_route=%2Fwp%2Fv2%2Ftags&post=6379"}],"curies":[{"name":"wp","href":"https:\/\/api.w.org\/{rel}","templated":true}]}}