{"id":6382,"date":"2023-10-10T16:05:15","date_gmt":"2023-10-10T19:05:15","guid":{"rendered":"http:\/\/blogdoarmindomaia.com.br\/?p=6382"},"modified":"2023-10-10T16:05:17","modified_gmt":"2023-10-10T19:05:17","slug":"unimed-araxa-confirma-doacao-de-exames-de-mamografia-para-mulheres-em-vulnerabilidade-social","status":"publish","type":"post","link":"http:\/\/blogdoarmindomaia.com.br\/?p=6382","title":{"rendered":"Unimed Arax\u00e1 confirma doa\u00e7\u00e3o de exames de mamografia para mulheres em vulnerabilidade social"},"content":{"rendered":"\n<figure class=\"wp-block-image size-large is-style-default\"><img loading=\"lazy\" decoding=\"async\" width=\"1024\" height=\"768\" src=\"http:\/\/blogdoarmindomaia.com.br\/wp-content\/uploads\/2023\/10\/Unimed-Araxa-confirma-doacao-de-exames-de-mamografia-pag-06-1024x768.jpg\" alt=\"\" class=\"wp-image-6383\" srcset=\"http:\/\/blogdoarmindomaia.com.br\/wp-content\/uploads\/2023\/10\/Unimed-Araxa-confirma-doacao-de-exames-de-mamografia-pag-06-1024x768.jpg 1024w, http:\/\/blogdoarmindomaia.com.br\/wp-content\/uploads\/2023\/10\/Unimed-Araxa-confirma-doacao-de-exames-de-mamografia-pag-06-300x225.jpg 300w, http:\/\/blogdoarmindomaia.com.br\/wp-content\/uploads\/2023\/10\/Unimed-Araxa-confirma-doacao-de-exames-de-mamografia-pag-06-768x576.jpg 768w, http:\/\/blogdoarmindomaia.com.br\/wp-content\/uploads\/2023\/10\/Unimed-Araxa-confirma-doacao-de-exames-de-mamografia-pag-06-1536x1152.jpg 1536w, http:\/\/blogdoarmindomaia.com.br\/wp-content\/uploads\/2023\/10\/Unimed-Araxa-confirma-doacao-de-exames-de-mamografia-pag-06-2048x1536.jpg 2048w\" sizes=\"auto, (max-width: 1024px) 100vw, 1024px\" \/><\/figure>\n\n\n\n<figure class=\"wp-block-image size-large is-style-default\"><img loading=\"lazy\" decoding=\"async\" width=\"1024\" height=\"768\" src=\"http:\/\/blogdoarmindomaia.com.br\/wp-content\/uploads\/2023\/10\/unnamed-1-1024x768.jpg\" alt=\"\" class=\"wp-image-6384\" srcset=\"http:\/\/blogdoarmindomaia.com.br\/wp-content\/uploads\/2023\/10\/unnamed-1-1024x768.jpg 1024w, http:\/\/blogdoarmindomaia.com.br\/wp-content\/uploads\/2023\/10\/unnamed-1-300x225.jpg 300w, http:\/\/blogdoarmindomaia.com.br\/wp-content\/uploads\/2023\/10\/unnamed-1-768x576.jpg 768w, http:\/\/blogdoarmindomaia.com.br\/wp-content\/uploads\/2023\/10\/unnamed-1-1536x1152.jpg 1536w, http:\/\/blogdoarmindomaia.com.br\/wp-content\/uploads\/2023\/10\/unnamed-1-2048x1536.jpg 2048w\" sizes=\"auto, (max-width: 1024px) 100vw, 1024px\" \/><\/figure>\n\n\n\n<figure class=\"wp-block-table\"><table><tbody><tr><td><em>A\u00e7\u00e3o comemora o Outubro Rosa e ser\u00e1 realizada em parceria com entidades sociais<\/em> <em>&nbsp;Tem foto<\/em> A Unimed Arax\u00e1 vai doar 60 exames de mamografia para mulheres em vulnerabilidade social. A a\u00e7\u00e3o integra as atividades propostas pela operadora de planos de sa\u00fade durante o Outubro Rosa. &nbsp; Os exames ser\u00e3o disponibilizados por meio de entidades. S\u00e3o parceiras da a\u00e7\u00e3o a Associa\u00e7\u00e3o do Amor e a Ampara. \u201c\u00c9 de grande import\u00e2ncia essa a\u00e7\u00e3o da Unimed Arax\u00e1. O exame \u00e9 essencial para que tenhamos um diagn\u00f3stico precoce e isso faz toda a diferen\u00e7a no tratamento e salva vidas\u201d, diz a coordenadora da Ampara, Juliana Gon\u00e7alves Machado e Silva. &nbsp; O an\u00fancio da doa\u00e7\u00e3o foi feito durante uma coletiva de imprensa nesta ter\u00e7a-feira (10) pelo diretor-presidente da Unimed Arax\u00e1, Alonso Garcia de Rezende. \u201cA ess\u00eancia do nosso papel na sociedade \u00e9 cuidar da sa\u00fade das pessoas. Entendemos que esse compromisso vai muito al\u00e9m de um atendimento humanizado e de qualidade ao nosso benefici\u00e1rio, que hoje conta com uma moderna Unidade de Oncologia em nosso hospital, al\u00e9m do CDI para a realiza\u00e7\u00e3o de exames. Vamos abrir as portas deste servi\u00e7o no m\u00eas de outubro a quem mais precisa. Um atendimento que, com certeza, salva vidas e que prestaremos com muita felicidade\u201d, ressalta. &nbsp; <strong>Outubro Rosa<\/strong> O m\u00eas de outubro \u00e9 marcado pela intensifica\u00e7\u00e3o de informa\u00e7\u00f5es quanto \u00e0 preven\u00e7\u00e3o e ao diagn\u00f3stico precoce do c\u00e2ncer de mama. Segundo o m\u00e9dico Gabriel de Oliveira Sim\u00f5es, oncologista cl\u00ednico e respons\u00e1vel t\u00e9cnico pelo Centro Oncol\u00f3gico da Unimed Arax\u00e1, os cuidados devem ser praticados durante todos os meses, sendo o Outubro Rosa um m\u00eas de maior debate sobre essa pauta. \u201cPodemos citar alguns motivos da substancial import\u00e2ncia desse momento. Primeiramente, o c\u00e2ncer de mama representa, excluindo c\u00e2nceres de pele n\u00e3o melanoma, o c\u00e2ncer mais incidente em mulheres no Brasil e no mundo. Em m\u00e9dia, uma em cada 8 mulheres ter\u00e3o o diagn\u00f3stico de c\u00e2ncer de mama ao longo da vida. Para 2023, a estimativa do Instituto Nacional de C\u00e2ncer (INCA) para o n\u00famero de novos casos da doen\u00e7a no Brasil estava em torno de 73 mil casos. Al\u00e9m disso, sabe-se que o diagn\u00f3stico precoce aumenta as chances de cura da doen\u00e7a para acima de 90%, quando feito o tratamento em doen\u00e7as iniciais\u201d, ressalta. &nbsp; Ainda de acordo com o oncologista, \u00e9 fundamental esclarecer \u00e0 popula\u00e7\u00e3o, o benef\u00edcio das estrat\u00e9gias de diagn\u00f3stico precoce, que incluem os exames de imagem (ultrassonografia das mamas, mamografia e resson\u00e2ncia magn\u00e9tica das mamas), al\u00e9m das consultas regulares com profissionais ginecologistas ou mastologistas. \u201cDe maneira geral, o in\u00edcio do rastreio por exames de imagens \u00e9 indicado aos 40 anos, podendo ser antecipado ou postergado a depender da an\u00e1lise cr\u00edtica de cada paciente. Ent\u00e3o, devemos aproveitar o m\u00eas de outubro para expandir o conhecimento sobre o c\u00e2ncer de mama, conversando sobre fatores de risco e de prote\u00e7\u00e3o, al\u00e9m de tra\u00e7ar pol\u00edticas que atendam, cada vez mais, uma parcela significativa da popula\u00e7\u00e3o\u201d, complementa.<\/td><\/tr><\/tbody><\/table><\/figure>\n","protected":false},"excerpt":{"rendered":"<p>A\u00e7\u00e3o comemora o Outubro Rosa e ser\u00e1 realizada em parceria com entidades sociais &nbsp;Tem foto A Unimed Arax\u00e1 vai doar<\/p>\n","protected":false},"author":2,"featured_media":6383,"comment_status":"open","ping_status":"open","sticky":false,"template":"","format":"standard","meta":{"footnotes":""},"categories":[9,11],"tags":[],"class_list":["post-6382","post","type-post","status-publish","format-standard","has-post-thumbnail","hentry","category-araxa","category-destaques"],"_links":{"self":[{"href":"http:\/\/blogdoarmindomaia.com.br\/index.php?rest_route=\/wp\/v2\/posts\/6382","targetHints":{"allow":["GET"]}}],"collection":[{"href":"http:\/\/blogdoarmindomaia.com.br\/index.php?rest_route=\/wp\/v2\/posts"}],"about":[{"href":"http:\/\/blogdoarmindomaia.com.br\/index.php?rest_route=\/wp\/v2\/types\/post"}],"author":[{"embeddable":true,"href":"http:\/\/blogdoarmindomaia.com.br\/index.php?rest_route=\/wp\/v2\/users\/2"}],"replies":[{"embeddable":true,"href":"http:\/\/blogdoarmindomaia.com.br\/index.php?rest_route=%2Fwp%2Fv2%2Fcomments&post=6382"}],"version-history":[{"count":1,"href":"http:\/\/blogdoarmindomaia.com.br\/index.php?rest_route=\/wp\/v2\/posts\/6382\/revisions"}],"predecessor-version":[{"id":6385,"href":"http:\/\/blogdoarmindomaia.com.br\/index.php?rest_route=\/wp\/v2\/posts\/6382\/revisions\/6385"}],"wp:featuredmedia":[{"embeddable":true,"href":"http:\/\/blogdoarmindomaia.com.br\/index.php?rest_route=\/wp\/v2\/media\/6383"}],"wp:attachment":[{"href":"http:\/\/blogdoarmindomaia.com.br\/index.php?rest_route=%2Fwp%2Fv2%2Fmedia&parent=6382"}],"wp:term":[{"taxonomy":"category","embeddable":true,"href":"http:\/\/blogdoarmindomaia.com.br\/index.php?rest_route=%2Fwp%2Fv2%2Fcategories&post=6382"},{"taxonomy":"post_tag","embeddable":true,"href":"http:\/\/blogdoarmindomaia.com.br\/index.php?rest_route=%2Fwp%2Fv2%2Ftags&post=6382"}],"curies":[{"name":"wp","href":"https:\/\/api.w.org\/{rel}","templated":true}]}}