{"id":6386,"date":"2023-10-16T14:25:42","date_gmt":"2023-10-16T17:25:42","guid":{"rendered":"http:\/\/blogdoarmindomaia.com.br\/?p=6386"},"modified":"2023-10-16T14:25:44","modified_gmt":"2023-10-16T17:25:44","slug":"projeto-cuidar-de-quem-cuida","status":"publish","type":"post","link":"http:\/\/blogdoarmindomaia.com.br\/?p=6386","title":{"rendered":"Projeto Cuidar de quem cuida"},"content":{"rendered":"\n<figure class=\"wp-block-image size-full is-style-default\"><img loading=\"lazy\" decoding=\"async\" width=\"1025\" height=\"683\" src=\"http:\/\/blogdoarmindomaia.com.br\/wp-content\/uploads\/2023\/10\/Cuidar-de-quem-cuida-2.jpeg\" alt=\"\" class=\"wp-image-6387\" srcset=\"http:\/\/blogdoarmindomaia.com.br\/wp-content\/uploads\/2023\/10\/Cuidar-de-quem-cuida-2.jpeg 1025w, http:\/\/blogdoarmindomaia.com.br\/wp-content\/uploads\/2023\/10\/Cuidar-de-quem-cuida-2-300x200.jpeg 300w, http:\/\/blogdoarmindomaia.com.br\/wp-content\/uploads\/2023\/10\/Cuidar-de-quem-cuida-2-768x512.jpeg 768w\" sizes=\"auto, (max-width: 1025px) 100vw, 1025px\" \/><\/figure>\n\n\n\n<p>A\u00e7\u00f5es especiais destinadas aos servidores da Secretaria Municipal de Sa\u00fade. O projeto \u201cCuidar de quem cuida\u201d foi lan\u00e7ado para o cuidado com a sa\u00fade mental do trabalhador, que lida diariamente com a dor do pr\u00f3ximo e precisa oferecer um atendimento humanizado, apesar de todas as adversidades.<br><br>A abertura foi realizada no dia 10 e, durante o m\u00eas de outubro, coordenadores, psic\u00f3logos, refer\u00eancias dos Centros de Aten\u00e7\u00e3o Psicossocial (CAPs) e demais profissionais participam de workshops, c\u00edrculos restaurativos e capacita\u00e7\u00f5es em Arax\u00e1 e Uberaba.<br><br>De acordo com a coordenadora de Sa\u00fade Mental, Alessandra Silva, a mudan\u00e7a do mundo se inicia pelas pessoas, e \u00e9 exatamente por isso que o autocuidado tem enorme import\u00e2ncia nos dias de hoje.<br><br>\u201cEsses profissionais trabalham com muito afinco em rela\u00e7\u00e3o ao pr\u00f3ximo, e o desenvolvimento do programa se deu para que, de maneira cont\u00ednua, as equipes multiprofissionais tamb\u00e9m se sintam acolhidas e continuem cuidando t\u00e3o bem de nossa popula\u00e7\u00e3o\u201d, afirma.<\/p>\n","protected":false},"excerpt":{"rendered":"<p>A\u00e7\u00f5es especiais destinadas aos servidores da Secretaria Municipal de Sa\u00fade. O projeto \u201cCuidar de quem cuida\u201d foi lan\u00e7ado para o<\/p>\n","protected":false},"author":2,"featured_media":6387,"comment_status":"open","ping_status":"open","sticky":false,"template":"","format":"standard","meta":{"footnotes":""},"categories":[9,11],"tags":[],"class_list":["post-6386","post","type-post","status-publish","format-standard","has-post-thumbnail","hentry","category-araxa","category-destaques"],"_links":{"self":[{"href":"http:\/\/blogdoarmindomaia.com.br\/index.php?rest_route=\/wp\/v2\/posts\/6386","targetHints":{"allow":["GET"]}}],"collection":[{"href":"http:\/\/blogdoarmindomaia.com.br\/index.php?rest_route=\/wp\/v2\/posts"}],"about":[{"href":"http:\/\/blogdoarmindomaia.com.br\/index.php?rest_route=\/wp\/v2\/types\/post"}],"author":[{"embeddable":true,"href":"http:\/\/blogdoarmindomaia.com.br\/index.php?rest_route=\/wp\/v2\/users\/2"}],"replies":[{"embeddable":true,"href":"http:\/\/blogdoarmindomaia.com.br\/index.php?rest_route=%2Fwp%2Fv2%2Fcomments&post=6386"}],"version-history":[{"count":1,"href":"http:\/\/blogdoarmindomaia.com.br\/index.php?rest_route=\/wp\/v2\/posts\/6386\/revisions"}],"predecessor-version":[{"id":6388,"href":"http:\/\/blogdoarmindomaia.com.br\/index.php?rest_route=\/wp\/v2\/posts\/6386\/revisions\/6388"}],"wp:featuredmedia":[{"embeddable":true,"href":"http:\/\/blogdoarmindomaia.com.br\/index.php?rest_route=\/wp\/v2\/media\/6387"}],"wp:attachment":[{"href":"http:\/\/blogdoarmindomaia.com.br\/index.php?rest_route=%2Fwp%2Fv2%2Fmedia&parent=6386"}],"wp:term":[{"taxonomy":"category","embeddable":true,"href":"http:\/\/blogdoarmindomaia.com.br\/index.php?rest_route=%2Fwp%2Fv2%2Fcategories&post=6386"},{"taxonomy":"post_tag","embeddable":true,"href":"http:\/\/blogdoarmindomaia.com.br\/index.php?rest_route=%2Fwp%2Fv2%2Ftags&post=6386"}],"curies":[{"name":"wp","href":"https:\/\/api.w.org\/{rel}","templated":true}]}}