{"id":6398,"date":"2023-10-16T14:49:59","date_gmt":"2023-10-16T17:49:59","guid":{"rendered":"http:\/\/blogdoarmindomaia.com.br\/?p=6398"},"modified":"2023-10-16T14:50:01","modified_gmt":"2023-10-16T17:50:01","slug":"passagem-de-veiculos-liberada","status":"publish","type":"post","link":"http:\/\/blogdoarmindomaia.com.br\/?p=6398","title":{"rendered":"Passagem de ve\u00edculos liberada"},"content":{"rendered":"\n<figure class=\"wp-block-image size-large is-style-default\"><img loading=\"lazy\" decoding=\"async\" width=\"1024\" height=\"768\" src=\"http:\/\/blogdoarmindomaia.com.br\/wp-content\/uploads\/2023\/10\/Passagem-de-veiculos-liberada-pag-08-1024x768.jpeg\" alt=\"\" class=\"wp-image-6399\" srcset=\"http:\/\/blogdoarmindomaia.com.br\/wp-content\/uploads\/2023\/10\/Passagem-de-veiculos-liberada-pag-08-1024x768.jpeg 1024w, http:\/\/blogdoarmindomaia.com.br\/wp-content\/uploads\/2023\/10\/Passagem-de-veiculos-liberada-pag-08-300x225.jpeg 300w, http:\/\/blogdoarmindomaia.com.br\/wp-content\/uploads\/2023\/10\/Passagem-de-veiculos-liberada-pag-08-768x576.jpeg 768w, http:\/\/blogdoarmindomaia.com.br\/wp-content\/uploads\/2023\/10\/Passagem-de-veiculos-liberada-pag-08-1536x1152.jpeg 1536w, http:\/\/blogdoarmindomaia.com.br\/wp-content\/uploads\/2023\/10\/Passagem-de-veiculos-liberada-pag-08.jpeg 1600w\" sizes=\"auto, (max-width: 1024px) 100vw, 1024px\" \/><\/figure>\n\n\n\n<p>A Secretaria Municipal de Seguran\u00e7a P\u00fablica informa que o tr\u00e2nsito de ve\u00edculos por baixo do Viaduto Jos\u00e9 Domingos Filho est\u00e1 totalmente liberado, na avenida D\u00e2maso Drummond.<\/p>\n\n\n\n<p>O local j\u00e1 estava com fluxo parcial para quem segue sentido Centro \/ bairro, e agora a pista do lado oposto tamb\u00e9m volta a funcionar, sentido bairro \/ Centro (rotat\u00f3ria da rua da Banheira).<\/p>\n\n\n\n<p>A pasta informa ainda que a travessia controlada por sem\u00e1foro pela al\u00e7a da encosta do Sesi Senai ainda continua em funcionamento at\u00e9 a conclus\u00e3o da obra de duplica\u00e7\u00e3o do viaduto Jos\u00e9 Domingos Filho \/ avenida Hitalo Ros.<\/p>\n","protected":false},"excerpt":{"rendered":"<p>A Secretaria Municipal de Seguran\u00e7a P\u00fablica informa que o tr\u00e2nsito de ve\u00edculos por baixo do Viaduto Jos\u00e9 Domingos Filho est\u00e1<\/p>\n","protected":false},"author":2,"featured_media":6399,"comment_status":"open","ping_status":"open","sticky":false,"template":"","format":"standard","meta":{"footnotes":""},"categories":[9,11],"tags":[],"class_list":["post-6398","post","type-post","status-publish","format-standard","has-post-thumbnail","hentry","category-araxa","category-destaques"],"_links":{"self":[{"href":"http:\/\/blogdoarmindomaia.com.br\/index.php?rest_route=\/wp\/v2\/posts\/6398","targetHints":{"allow":["GET"]}}],"collection":[{"href":"http:\/\/blogdoarmindomaia.com.br\/index.php?rest_route=\/wp\/v2\/posts"}],"about":[{"href":"http:\/\/blogdoarmindomaia.com.br\/index.php?rest_route=\/wp\/v2\/types\/post"}],"author":[{"embeddable":true,"href":"http:\/\/blogdoarmindomaia.com.br\/index.php?rest_route=\/wp\/v2\/users\/2"}],"replies":[{"embeddable":true,"href":"http:\/\/blogdoarmindomaia.com.br\/index.php?rest_route=%2Fwp%2Fv2%2Fcomments&post=6398"}],"version-history":[{"count":1,"href":"http:\/\/blogdoarmindomaia.com.br\/index.php?rest_route=\/wp\/v2\/posts\/6398\/revisions"}],"predecessor-version":[{"id":6400,"href":"http:\/\/blogdoarmindomaia.com.br\/index.php?rest_route=\/wp\/v2\/posts\/6398\/revisions\/6400"}],"wp:featuredmedia":[{"embeddable":true,"href":"http:\/\/blogdoarmindomaia.com.br\/index.php?rest_route=\/wp\/v2\/media\/6399"}],"wp:attachment":[{"href":"http:\/\/blogdoarmindomaia.com.br\/index.php?rest_route=%2Fwp%2Fv2%2Fmedia&parent=6398"}],"wp:term":[{"taxonomy":"category","embeddable":true,"href":"http:\/\/blogdoarmindomaia.com.br\/index.php?rest_route=%2Fwp%2Fv2%2Fcategories&post=6398"},{"taxonomy":"post_tag","embeddable":true,"href":"http:\/\/blogdoarmindomaia.com.br\/index.php?rest_route=%2Fwp%2Fv2%2Ftags&post=6398"}],"curies":[{"name":"wp","href":"https:\/\/api.w.org\/{rel}","templated":true}]}}