{"id":640,"date":"2022-05-04T22:54:58","date_gmt":"2022-05-05T01:54:58","guid":{"rendered":"http:\/\/blogdoarmindomaia.com.br\/?p=640"},"modified":"2022-05-04T22:55:00","modified_gmt":"2022-05-05T01:55:00","slug":"sessao-da-camara-de-araxa-desta-semana","status":"publish","type":"post","link":"http:\/\/blogdoarmindomaia.com.br\/?p=640","title":{"rendered":"Sess\u00e3o da C\u00e2mara de Arax\u00e1 desta semana"},"content":{"rendered":"\n<p><strong>Comiss\u00e3o de Sa\u00fade faz a leitura de relat\u00f3rio final de sindic\u00e2ncia sobre medicamentos odontol\u00f3gicos<\/strong><\/p>\n\n\n\n<figure class=\"wp-block-image size-full is-style-default\"><img loading=\"lazy\" decoding=\"async\" width=\"1000\" height=\"750\" src=\"http:\/\/blogdoarmindomaia.com.br\/wp-content\/uploads\/2022\/05\/mesa-3.jpg\" alt=\"\" class=\"wp-image-641\" srcset=\"http:\/\/blogdoarmindomaia.com.br\/wp-content\/uploads\/2022\/05\/mesa-3.jpg 1000w, http:\/\/blogdoarmindomaia.com.br\/wp-content\/uploads\/2022\/05\/mesa-3-300x225.jpg 300w, http:\/\/blogdoarmindomaia.com.br\/wp-content\/uploads\/2022\/05\/mesa-3-768x576.jpg 768w\" sizes=\"auto, (max-width: 1000px) 100vw, 1000px\" \/><\/figure>\n\n\n\n<p>A Reuni\u00e3o Ordin\u00e1ria desta ter\u00e7a-feira (3), foi iniciada com a Comiss\u00e3o de Educa\u00e7\u00e3o, Cultura, Sa\u00fade e Seguran\u00e7a, composta pelos vereadores Valtinho da Farm\u00e1cia (presidente), Dr. Zidane (relator) e Maristela Dutra (membro), fazendo a leitura do relat\u00f3rio da sindic\u00e2ncia aberta pela Prefeitura de Arax\u00e1 para apurar um suposto uso de medicamentos vencidos em pacientes que fazem tratamento odontol\u00f3gico na Unidade do Caic, localizada na Escola Municipal Leonilda Montandon.<\/p>\n\n\n\n<p>O relat\u00f3rio foi baseado no depoimento de 12 servidores municipais dos setores de Odontologia e Vigil\u00e2ncia Sanit\u00e1ria e em documentos da Secretaria Municipal de Sa\u00fade. A sindic\u00e2ncia concluiu que as acusa\u00e7\u00f5es apresentadas n\u00e3o procedem.<\/p>\n\n\n\n<p>Ao final da leitura do relat\u00f3rio, a vereadora Fernanda Castelha que realizou a den\u00fancia, parabenizou a Comiss\u00e3o de Sa\u00fade por acompanhar o trabalho da sindic\u00e2ncia. Por\u00e9m, ela disse que n\u00e3o est\u00e1 de acordo com o relat\u00f3rio final e afirmou ainda que encaminhar\u00e1 mais provas ao Minist\u00e9rio P\u00fablico (MP) e aguardar\u00e1 a decis\u00e3o da Justi\u00e7a quanto \u00e0s den\u00fancias.<\/p>\n\n\n\n<p>Durante a Ordem do Dia foram aprovados sete projetos. A \u00edntegra das mat\u00e9rias pode ser acessada no portal&nbsp;<a href=\"http:\/\/sapl.araxa.mg.leg.br\/\" rel=\"noreferrer noopener\" target=\"_blank\">sapl.araxa.mg.leg.br<\/a>.<\/p>\n\n\n\n<p>Projeto de Resolu\u00e7\u00e3o 04\/2022: Disp\u00f5e sobre a cria\u00e7\u00e3o da Procuradoria da Mulher no \u00e2mbito da C\u00e2mara Municipal de Arax\u00e1\/MG, e d\u00e1 outras provid\u00eancias. Autor: Mesa Diretora;<\/p>\n\n\n\n<p>Projeto de Resolu\u00e7\u00e3o 05\/2022: Disp\u00f5e sobre a autoriza\u00e7\u00e3o de uso do Plen\u00e1rio e Instala\u00e7\u00f5es da C\u00e2mara Municipal de Arax\u00e1 para realizar sess\u00f5es de julgamento pelo Tribunal do J\u00fari pela Segunda Vara Criminal, da Inf\u00e2ncia e Juventude da Comarca de Arax\u00e1. Autor: Mesa Diretora;<\/p>\n\n\n\n<p>Projeto de Lei 15\/2022: Altera e acresce dispositivos \u00e0 Lei Municipal N.\u00ba 3.137\/96 que Institui o C\u00f3digo de Edifica\u00e7\u00f5es no Munic\u00edpio de Arax\u00e1, e d\u00e1 outras provid\u00eancias. Com emenda. Autor: Executivo;<\/p>\n\n\n\n<p>Projeto de Lei 94\/2022: Altera o par\u00e1grafo \u00fanico, no artigo 3\u00ba, da Lei N\u00ba 7.367. Autor: vereador Raphael Rios;<\/p>\n\n\n\n<p>Projeto de Lei 95\/2022: Autoriza o Poder Executivo a celebrar Termo de Fomento com a Funda\u00e7\u00e3o Rio Branco. Autor: Executivo;<\/p>\n\n\n\n<p>Projeto de Lei 96\/2022: Altera a reda\u00e7\u00e3o do artigo 1.\u00ba da Lei Municipal n.\u00ba 3.517\/1999, e d\u00e1 outras provid\u00eancias. Autor: Executivo;<\/p>\n\n\n\n<p>Projeto de Lei 99\/2022: Cria o Programa Municipal de Incentivo ao Esporte e d\u00e1 outras provid\u00eancias. Autor: Executivo<\/p>\n\n\n\n<p><strong>Tribuna:<\/strong><\/p>\n\n\n\n<p><strong>Alexandre Irm\u00e3os Paula (PL)<\/strong><\/p>\n\n\n\n<p>O vereador Alexandre comentou sobre emendas parlamentares repassadas para institui\u00e7\u00f5es de Arax\u00e1. Foram contemplados o Lar Eben\u00e9zer, Associa\u00e7\u00e3o Comunit\u00e1ria do Distrito de Itaipu, Associa\u00e7\u00e3o de Amparo \u00e0s Pessoas com C\u00e2ncer de Arax\u00e1 (AMPARA), Associa\u00e7\u00e3o de Equoterapia Prosseguir e o Recanto do Idoso S\u00e3o Vicente de Paulo.<\/p>\n\n\n\n<p>Alexandre comentou a revitaliza\u00e7\u00e3o da Unidade de Sa\u00fade do Setor Norte (Uninorte). O parlamentar participou da cerim\u00f4nia de reinaugura\u00e7\u00e3o no dia 27 de mar\u00e7o e comentou as melhorias no espa\u00e7o.<\/p>\n\n\n\n<p>O vereador tamb\u00e9m falou sobre um pedido antigo que fez ainda em 2011 para o prefeito \u00e0 \u00e9poca, para a implanta\u00e7\u00e3o de atendimento de urg\u00eancia e emerg\u00eancia na Uninorte. Segundo ele, essa demanda ser\u00e1 atendida em breve pela atual gest\u00e3o.<\/p>\n\n\n\n<p><strong>Valtinho da Farm\u00e1cia (PP)<\/strong><\/p>\n\n\n\n<p>Servi\u00e7os urbanos foi o principal tema abordado pelo vereador Valtinho em seu tempo regimental. Ele apresentou indica\u00e7\u00e3o para realiza\u00e7\u00e3o de recapeamento nas seguintes ruas do bairro Leblon: Edmundo Rodrigues da Silva e L\u00e1zaro Caixeta.<\/p>\n\n\n\n<p>O vereador pediu a realiza\u00e7\u00e3o de um estudo sobre as condi\u00e7\u00f5es da ponte do Rio Tamandu\u00e1, que vai de Arax\u00e1 a S\u00e3o Jos\u00e9 da Antinha. Segundo ele, os pilares est\u00e3o se deteriorando com o passar do tempo e o estudo deve ser realizado de forma a prevenir futuros problemas estruturais.<\/p>\n\n\n\n<p>O parlamentar tamb\u00e9m solicitou limpeza nos seguintes locais: terreno da Prefeitura situado \u00e0 rua Carlos Chagas, no bairro Jardim das Primaveras; no Centro de Testagem e Acolhimento (CTA), rua Calim\u00e9rio Guimar\u00e3es; e no Centro Administrativo.<\/p>\n\n\n\n<p><a><\/a><strong>Pastor Moacir (Republicanos)<\/strong><\/p>\n\n\n\n<p>O vereador Pr. Moacir apresentou projeto de lei que disp\u00f5e sobre a implanta\u00e7\u00e3o do Programa &#8216;Sa\u00fade Infanto-Juvenil no Campo&#8217; nas escolas municipais e nos centros de educa\u00e7\u00e3o infantil da zona rural do munic\u00edpio de Arax\u00e1. &#8220;O Programa \u00e9 um avan\u00e7o, pois entendemos que os atendimentos em sa\u00fade para as escolas rurais. Nosso objetivo \u00e9 atender todos as escolas rurais do munic\u00edpio, levando as a\u00e7\u00f5es e projetos, promovendo sa\u00fade e preven\u00e7\u00e3o aos agravos e doen\u00e7as&#8221;, afirmou Pr. Moacir.<\/p>\n\n\n\n<p>O parlamentar tamb\u00e9m apresentou as seguintes indica\u00e7\u00f5es: revitaliza\u00e7\u00e3o de toda a sinaliza\u00e7\u00e3o de tr\u00e2nsito vertical e horizontal nas ruas e avenidas dos bairros Silv\u00e9ria e Dona Beja e recupera\u00e7\u00e3o asf\u00e1ltica das ruas Orcalino Jos\u00e9 Carneiro, Baltazar Gon\u00e7alves de Matos e Rufino Moura Borges, no bairro P\u00e3o de A\u00e7\u00facar.<\/p>\n\n\n\n<p><strong>Doutor Zidane (PP)<\/strong><\/p>\n\n\n\n<p>O vereador Dr. Zidane apresentou indica\u00e7\u00f5es contemplando melhorias para a sa\u00fade. Ele solicitou que seja descentralizado o atendimento a paciente acometidos pela dengue que procuram atendimento na UPA, alocando um novo local para exames e tratamentos dos infectados.<\/p>\n\n\n\n<p>Ele tamb\u00e9m pediu que que o t\u00e9rreo da Uninorte seja destinado exclusivamente em um pronto atendimento infantil. &#8220;Uma vez que j\u00e1 existe uma previs\u00e3o para que o local seja transformado em pronto atendimento, seria de grande import\u00e2ncia a cria\u00e7\u00e3o da ala pedi\u00e1trica, evitando o contato das crian\u00e7as com adultos que procuram atendimento na mesma unidade&#8221;, esclareceu o vereador.<\/p>\n\n\n\n<p>Outra indica\u00e7\u00e3o apresentada por ele, solicita a compra de uma TV de tamanho compat\u00edvel com a recep\u00e7\u00e3o da UPA. O aparelho servir\u00e1 para distra\u00e7\u00e3o dos pacientes que aguardam atendimento, trazendo tranquilidade na espera.<\/p>\n\n\n\n<p><strong>Professora Leni (PT)<\/strong><\/p>\n\n\n\n<p>A vereadora Professora Leni apresentou indica\u00e7\u00f5es solicitando a revitaliza\u00e7\u00e3o da Pra\u00e7a Colivaldo Jos\u00e9 Pimenta, no bairro S\u00e3o Geraldo, revitaliza\u00e7\u00e3o e a poda educativa de \u00e1rvores da Pra\u00e7a Jos\u00e9 Batista Sobrinho, e Pra\u00e7a do Cruzeiro, e da pra\u00e7a pr\u00f3xima a ela.<\/p>\n\n\n\n<p>Outra indica\u00e7\u00e3o apresentada pela vereadora solicita que sejam institu\u00eddos em nossa cidade pontos de coletas de medicamentos com prazo de validade vencidos, conforme Lei Municipal n\u00ba 7.283 de 10 de agosto de 2018.<\/p>\n\n\n\n<p>A implanta\u00e7\u00e3o do projeto &#8220;Sacolas Pl\u00e1sticas Coloridas&#8221; foi outra proposi\u00e7\u00e3o apresentada por Leni. O objetivo \u00e9 instituir a ado\u00e7\u00e3o da distribui\u00e7\u00e3o de sacolinhas pl\u00e1sticas nos com\u00e9rcios, em cores diferenciadas, incentivando a popula\u00e7\u00e3o que as utiliza como transporte de lixo comum, a separar o material recicl\u00e1vel de modo adequado.<\/p>\n\n\n\n<p><strong>Maristela Dutra (Patriota)<\/strong><\/p>\n\n\n\n<p>Sa\u00fade foi o principal tema abordado pela vereadora Maristela Dutra na Tribuna. Ela apresentou projeto de lei que versa sobre a garantia de atendimento humanizado \u00e0 gestante, \u00e0 parturiente e \u00e0 mulher em situa\u00e7\u00e3o de abortamento, para preven\u00e7\u00e3o da viol\u00eancia na assist\u00eancia obst\u00e9trica no Munic\u00edpio de Arax\u00e1 e d\u00e1 outras provid\u00eancias.<\/p>\n\n\n\n<p>Outro projeto trata sobre a autoriza\u00e7\u00e3o de uso e aquisi\u00e7\u00e3o de ve\u00edculos a\u00e9reos n\u00e3o tripulados, conhecidos como drones, para desenvolver a\u00e7\u00f5es de combate \u00e0 dengue e demais doen\u00e7as transmiss\u00edveis pelo mosquito aedes aegypti.<\/p>\n\n\n\n<p>A parlamentar tamb\u00e9m apresentou indica\u00e7\u00e3o pedindo provid\u00eancias com rela\u00e7\u00e3o \u00e0 Unidade de Sa\u00fade &#8211; Unisa. Ela solicitou mais plant\u00f5es m\u00e9dicos para especialistas, cria\u00e7\u00e3o de uma casa de apoio ou local adequado de espera com fornecimento de alimenta\u00e7\u00e3o para os pacientes, cess\u00e3o de um vigilante para substituir o atual que se encontra afastado e disponibiliza\u00e7\u00e3o de um t\u00e9cnico especializado para realizar os exames de eletroencefalograma.<\/p>\n\n\n\n<p><strong>Jairinho Borges (DEM)<\/strong><\/p>\n\n\n\n<p>O vereador Jairinho Borges usou a tribuna pela primeira vez desde que assumiu a cadeira como suplente do vereador Wagner Cruz, no dia 11 de abril. Wagner se licenciou do cargo para assumir a Secretaria Municipal de A\u00e7\u00e3o Social.<\/p>\n\n\n\n<p>Jairinho apresentou indica\u00e7\u00e3o solicitando a sinaliza\u00e7\u00e3o horizontal com faixa zebrada no encontro da rua Santo Ant\u00f4nio com a rua Lu\u00eds Dumont Fonseca, em frente ao N\u00facleo de Conviv\u00eancia e Fortalecimento de V\u00ednculos do bairro Santo Ant\u00f4nio.<\/p>\n\n\n\n<p>Outra solicita\u00e7\u00e3o do vereador foi direcionada ao Departamento de Edifica\u00e7\u00f5es e Estradas de Rodagem de Minas Gerais &#8211; DEER\/MG, para que realize a\u00e7\u00f5es de limpeza, poda, capina e regulariza\u00e7\u00e3o do acostamento da rodovia MG-428.<\/p>\n\n\n\n<p>Mo\u00e7\u00e3o de congratula\u00e7\u00f5es e reconhecimentos foi apresentada em comemora\u00e7\u00e3o aos 40 anos do Trukinho Clube.<\/p>\n\n\n\n<p><strong><em>Ascom CMA<\/em><\/strong><\/p>\n","protected":false},"excerpt":{"rendered":"<p>Comiss\u00e3o de Sa\u00fade faz a leitura de relat\u00f3rio final de sindic\u00e2ncia sobre medicamentos odontol\u00f3gicos A Reuni\u00e3o Ordin\u00e1ria desta ter\u00e7a-feira (3),<\/p>\n","protected":false},"author":2,"featured_media":641,"comment_status":"open","ping_status":"open","sticky":false,"template":"","format":"standard","meta":{"footnotes":""},"categories":[9,25],"tags":[],"class_list":["post-640","post","type-post","status-publish","format-standard","has-post-thumbnail","hentry","category-araxa","category-politica"],"_links":{"self":[{"href":"http:\/\/blogdoarmindomaia.com.br\/index.php?rest_route=\/wp\/v2\/posts\/640","targetHints":{"allow":["GET"]}}],"collection":[{"href":"http:\/\/blogdoarmindomaia.com.br\/index.php?rest_route=\/wp\/v2\/posts"}],"about":[{"href":"http:\/\/blogdoarmindomaia.com.br\/index.php?rest_route=\/wp\/v2\/types\/post"}],"author":[{"embeddable":true,"href":"http:\/\/blogdoarmindomaia.com.br\/index.php?rest_route=\/wp\/v2\/users\/2"}],"replies":[{"embeddable":true,"href":"http:\/\/blogdoarmindomaia.com.br\/index.php?rest_route=%2Fwp%2Fv2%2Fcomments&post=640"}],"version-history":[{"count":1,"href":"http:\/\/blogdoarmindomaia.com.br\/index.php?rest_route=\/wp\/v2\/posts\/640\/revisions"}],"predecessor-version":[{"id":642,"href":"http:\/\/blogdoarmindomaia.com.br\/index.php?rest_route=\/wp\/v2\/posts\/640\/revisions\/642"}],"wp:featuredmedia":[{"embeddable":true,"href":"http:\/\/blogdoarmindomaia.com.br\/index.php?rest_route=\/wp\/v2\/media\/641"}],"wp:attachment":[{"href":"http:\/\/blogdoarmindomaia.com.br\/index.php?rest_route=%2Fwp%2Fv2%2Fmedia&parent=640"}],"wp:term":[{"taxonomy":"category","embeddable":true,"href":"http:\/\/blogdoarmindomaia.com.br\/index.php?rest_route=%2Fwp%2Fv2%2Fcategories&post=640"},{"taxonomy":"post_tag","embeddable":true,"href":"http:\/\/blogdoarmindomaia.com.br\/index.php?rest_route=%2Fwp%2Fv2%2Ftags&post=640"}],"curies":[{"name":"wp","href":"https:\/\/api.w.org\/{rel}","templated":true}]}}