{"id":6401,"date":"2023-10-16T14:54:48","date_gmt":"2023-10-16T17:54:48","guid":{"rendered":"http:\/\/blogdoarmindomaia.com.br\/?p=6401"},"modified":"2023-10-16T14:54:51","modified_gmt":"2023-10-16T17:54:51","slug":"conferencia-de-agentes-comunitarios-de-saude-e-endemias-do-triangulo-mineiro-e-alto-paranaiba","status":"publish","type":"post","link":"http:\/\/blogdoarmindomaia.com.br\/?p=6401","title":{"rendered":"\u00a0Confer\u00eancia de Agentes Comunit\u00e1rios de Sa\u00fade e Endemias, do Triangulo Mineiro e Alto Parana\u00edba\u00a0\u00a0"},"content":{"rendered":"\n<figure class=\"wp-block-image size-large is-style-default\"><img loading=\"lazy\" decoding=\"async\" width=\"575\" height=\"1024\" src=\"http:\/\/blogdoarmindomaia.com.br\/wp-content\/uploads\/2023\/10\/WhatsApp-Image-2023-10-10-at-18.46.50-1-575x1024.jpeg\" alt=\"\" class=\"wp-image-6402\" srcset=\"http:\/\/blogdoarmindomaia.com.br\/wp-content\/uploads\/2023\/10\/WhatsApp-Image-2023-10-10-at-18.46.50-1-575x1024.jpeg 575w, http:\/\/blogdoarmindomaia.com.br\/wp-content\/uploads\/2023\/10\/WhatsApp-Image-2023-10-10-at-18.46.50-1-169x300.jpeg 169w, http:\/\/blogdoarmindomaia.com.br\/wp-content\/uploads\/2023\/10\/WhatsApp-Image-2023-10-10-at-18.46.50-1-768x1367.jpeg 768w, http:\/\/blogdoarmindomaia.com.br\/wp-content\/uploads\/2023\/10\/WhatsApp-Image-2023-10-10-at-18.46.50-1-863x1536.jpeg 863w, http:\/\/blogdoarmindomaia.com.br\/wp-content\/uploads\/2023\/10\/WhatsApp-Image-2023-10-10-at-18.46.50-1.jpeg 899w\" sizes=\"auto, (max-width: 575px) 100vw, 575px\" \/><\/figure>\n\n\n\n<p>A cidade Arax\u00e1 sede e base do Sinplalto est\u00e3o se preparando para sediar a aguardada Confer\u00eancia de Agentes Comunit\u00e1rios de Sa\u00fade e Agentes de Endemias, um evento que promete reunir as cidades do Triangulo Mineiro e Alto Parana\u00edba profissionais da \u00e1rea e especialistas para discutir e compartilhar conhecimentos sobre a import\u00e2ncia da aten\u00e7\u00e3o b\u00e1sica \u00e0 sa\u00fade em comunidades locais.<\/p>\n\n\n\n<p>A confer\u00eancia, que ocorrer\u00e1 no dia 10 de novembro, est\u00e1 sendo organizada com o objetivo de fortalecer a atua\u00e7\u00e3o dos agentes comunit\u00e1rios de sa\u00fade e promover a troca de experi\u00eancias entre os participantes. Com o tema \u201cAten\u00e7\u00e3o B\u00e1sica: Desafios e Avan\u00e7os\u201c, o evento abordar\u00e1 quest\u00f5es cruciais relacionadas ao trabalho desses profissionais, que desempenham um papel fundamental na promo\u00e7\u00e3o da sa\u00fade em \u00e1reas urbanas e rurais.<\/p>\n\n\n\n<p>Durante a confer\u00eancia, ser\u00e3o oferecidos palestras e pain\u00e9is de discuss\u00e3o com especialistas em sa\u00fade comunit\u00e1ria. Os t\u00f3picos incluir\u00e3o estrat\u00e9gias de preven\u00e7\u00e3o, promo\u00e7\u00e3o da sa\u00fade, acesso a servi\u00e7os m\u00e9dicos em \u00e1reas remotas, desafios enfrentados pelos agentes comunit\u00e1rios no dia a dia e inova\u00e7\u00f5es na \u00e1rea da sa\u00fade p\u00fablica.<\/p>\n\n\n\n<p>Segundo o presidente do Sinplalto Hely Aires, um dos sindicatos organizadores um dos principais objetivos do evento \u00e9 \u201creconhecer e valorizar o trabalho \u00e1rduo dos agentes comunit\u00e1rios de sa\u00fade, que desempenham um papel essencial na melhoria da qualidade de vida das comunidades que servem\u201d. Ele acrescentou que a confer\u00eancia tamb\u00e9m \u00e9 uma oportunidade para fortalecer a rede de profissionais de sa\u00fade comunit\u00e1ria na regi\u00e3o de Sinplalto e de Minas Gerais.<\/p>\n\n\n\n<p>A confer\u00eancia \u00e9 esperada com grande expectativa pela comunidade de sa\u00fade local e conta com o apoio de v\u00e1rias organiza\u00e7\u00f5es e institui\u00e7\u00f5es de sa\u00fade da regi\u00e3o. Os organizadores est\u00e3o trabalhando arduamente para garantir que o evento seja seguro, acess\u00edvel e informativo para todos os participantes.<\/p>\n\n\n\n<p>Os agentes comunit\u00e1rios de sa\u00fade desempenham um papel crucial na promo\u00e7\u00e3o da sa\u00fade e na preven\u00e7\u00e3o de doen\u00e7as em suas comunidades, e a Confer\u00eancia de Agentes Comunit\u00e1rios de Sa\u00fade de Sinplalto \u00e9 uma oportunidade valiosa para reconhecer e fortalecer esse trabalho vital. A confer\u00eancia tamb\u00e9m destaca o compromisso de Sinplalto em promover a sa\u00fade e o bem-estar de seus cidad\u00e3os.<\/p>\n\n\n\n<p>A programa\u00e7\u00e3o completa da confer\u00eancia, bem como informa\u00e7\u00f5es sobre inscri\u00e7\u00f5es, j\u00e1 est\u00e3o disponibilizadas no site oficial do evento. As inscri\u00e7\u00f5es ser\u00e3o encerradas at\u00e9 o pr\u00f3ximo dia 30 deste m\u00eas. N\u00e3o perca a oportunidade de participar desta importante iniciativa que busca melhorar a sa\u00fade comunit\u00e1ria em Arax\u00e1 e regi\u00e3o.<\/p>\n\n\n\n<p>A organiza\u00e7\u00e3o do evento ser\u00e1 de responsabilidade CONACS Confedera\u00e7\u00e3o Nacional Agentes Comunit\u00e1rios de Sa\u00fade e Agentes de Combate \u00e0s Endemias FESERV-MINAS, Federa\u00e7\u00e3o Independente dos Sindicatos dos Servidores P\u00fablicos Municipais das Prefeituras C\u00e2maras Autarquias, Institutos de Previd\u00eancia Servidores Contratados, Concursado, Comissionados, Servidores dos PSFS, e PCAS, Servidores das Guardas Municipais e Autarquias do Estado de Minas. SINPLALTO-Sindicato dos Servidores P\u00fablicos Municipais das Prefeituras, C\u00e2maras e Autarquias da Micro Regi\u00e3o do Planalto de Arax\u00e1, SISEMS \u2013 Sindicato dos Servidores P\u00fablicos Municipais de Sacramento, SINDACS\/ACE \u2013 Sindicato dos Agentes Comunit\u00e1rios de Sa\u00fade&nbsp; e Agentes de Combate \u00e0s&nbsp; Endemias&nbsp; de Una\u00ed-MG&nbsp; e Regi\u00e3o.<\/p>\n\n\n\n<p><strong>Onde dever\u00e1 ser feitas as inscri\u00e7\u00f5es<\/strong><\/p>\n\n\n\n<p>Ser\u00e1 obrigat\u00f3rio a inscri\u00e7\u00e3o dos participantes o pagamento da taxa de inscri\u00e7\u00e3o. A taxa referente a inscri\u00e7\u00e3o para os AGENTE inscritos no valor de R$30,00 (trinta reais), e deve ser paga pela entidade respons\u00e1vel por sua indica\u00e7\u00e3o at\u00e9 o dia 10 de Novembro de 2023, pela Chave Pix sinplaltoaraxa@gmail ou solicitando boleto pelo e-mail&nbsp;&nbsp;<a href=\"mailto:sinplalto@gmail.com\" target=\"_blank\" rel=\"noreferrer noopener\"><strong>sinplalto@gmail.com<\/strong><\/a>.<\/p>\n","protected":false},"excerpt":{"rendered":"<p>A cidade Arax\u00e1 sede e base do Sinplalto est\u00e3o se preparando para sediar a aguardada Confer\u00eancia de Agentes Comunit\u00e1rios de<\/p>\n","protected":false},"author":2,"featured_media":6402,"comment_status":"open","ping_status":"open","sticky":false,"template":"","format":"standard","meta":{"footnotes":""},"categories":[9,29],"tags":[],"class_list":["post-6401","post","type-post","status-publish","format-standard","has-post-thumbnail","hentry","category-araxa","category-saude"],"_links":{"self":[{"href":"http:\/\/blogdoarmindomaia.com.br\/index.php?rest_route=\/wp\/v2\/posts\/6401","targetHints":{"allow":["GET"]}}],"collection":[{"href":"http:\/\/blogdoarmindomaia.com.br\/index.php?rest_route=\/wp\/v2\/posts"}],"about":[{"href":"http:\/\/blogdoarmindomaia.com.br\/index.php?rest_route=\/wp\/v2\/types\/post"}],"author":[{"embeddable":true,"href":"http:\/\/blogdoarmindomaia.com.br\/index.php?rest_route=\/wp\/v2\/users\/2"}],"replies":[{"embeddable":true,"href":"http:\/\/blogdoarmindomaia.com.br\/index.php?rest_route=%2Fwp%2Fv2%2Fcomments&post=6401"}],"version-history":[{"count":1,"href":"http:\/\/blogdoarmindomaia.com.br\/index.php?rest_route=\/wp\/v2\/posts\/6401\/revisions"}],"predecessor-version":[{"id":6403,"href":"http:\/\/blogdoarmindomaia.com.br\/index.php?rest_route=\/wp\/v2\/posts\/6401\/revisions\/6403"}],"wp:featuredmedia":[{"embeddable":true,"href":"http:\/\/blogdoarmindomaia.com.br\/index.php?rest_route=\/wp\/v2\/media\/6402"}],"wp:attachment":[{"href":"http:\/\/blogdoarmindomaia.com.br\/index.php?rest_route=%2Fwp%2Fv2%2Fmedia&parent=6401"}],"wp:term":[{"taxonomy":"category","embeddable":true,"href":"http:\/\/blogdoarmindomaia.com.br\/index.php?rest_route=%2Fwp%2Fv2%2Fcategories&post=6401"},{"taxonomy":"post_tag","embeddable":true,"href":"http:\/\/blogdoarmindomaia.com.br\/index.php?rest_route=%2Fwp%2Fv2%2Ftags&post=6401"}],"curies":[{"name":"wp","href":"https:\/\/api.w.org\/{rel}","templated":true}]}}