{"id":6409,"date":"2023-10-18T11:13:14","date_gmt":"2023-10-18T14:13:14","guid":{"rendered":"http:\/\/blogdoarmindomaia.com.br\/?p=6409"},"modified":"2023-10-18T11:13:17","modified_gmt":"2023-10-18T14:13:17","slug":"araxa-vai-sediar-etapa-da-copa-do-mundo-de-mountain-bike-em-2024","status":"publish","type":"post","link":"http:\/\/blogdoarmindomaia.com.br\/?p=6409","title":{"rendered":"Arax\u00e1 vai sediar etapa da Copa do Mundo de Mountain Bike em 2024"},"content":{"rendered":"\n<figure class=\"wp-block-image size-full is-style-default\"><img loading=\"lazy\" decoding=\"async\" width=\"1025\" height=\"683\" src=\"http:\/\/blogdoarmindomaia.com.br\/wp-content\/uploads\/2023\/10\/Araxa-vai-sediar-etapa-da-Copa-do-Mundo-de-Mountain-Bike-em-2024-pag-12.jpeg\" alt=\"\" class=\"wp-image-6410\" srcset=\"http:\/\/blogdoarmindomaia.com.br\/wp-content\/uploads\/2023\/10\/Araxa-vai-sediar-etapa-da-Copa-do-Mundo-de-Mountain-Bike-em-2024-pag-12.jpeg 1025w, http:\/\/blogdoarmindomaia.com.br\/wp-content\/uploads\/2023\/10\/Araxa-vai-sediar-etapa-da-Copa-do-Mundo-de-Mountain-Bike-em-2024-pag-12-300x200.jpeg 300w, http:\/\/blogdoarmindomaia.com.br\/wp-content\/uploads\/2023\/10\/Araxa-vai-sediar-etapa-da-Copa-do-Mundo-de-Mountain-Bike-em-2024-pag-12-768x512.jpeg 768w\" sizes=\"auto, (max-width: 1025px) 100vw, 1025px\" \/><\/figure>\n\n\n\n<figure class=\"wp-block-image size-full is-style-default\"><img loading=\"lazy\" decoding=\"async\" width=\"1025\" height=\"683\" src=\"http:\/\/blogdoarmindomaia.com.br\/wp-content\/uploads\/2023\/10\/copa-do-mundo-mtb-5.jpeg\" alt=\"\" class=\"wp-image-6411\" srcset=\"http:\/\/blogdoarmindomaia.com.br\/wp-content\/uploads\/2023\/10\/copa-do-mundo-mtb-5.jpeg 1025w, http:\/\/blogdoarmindomaia.com.br\/wp-content\/uploads\/2023\/10\/copa-do-mundo-mtb-5-300x200.jpeg 300w, http:\/\/blogdoarmindomaia.com.br\/wp-content\/uploads\/2023\/10\/copa-do-mundo-mtb-5-768x512.jpeg 768w\" sizes=\"auto, (max-width: 1025px) 100vw, 1025px\" \/><\/figure>\n\n\n\n<p>Uma conquista hist\u00f3rica! Arax\u00e1 foi anunciada entre as cidades que v\u00e3o receber a Copa do Mundo de Mountain Bike em 2024. A etapa ser\u00e1 realizada entre os dias 19, 20 e 21 de abril. E a expectativa \u00e9 que atletas de mais de 50 pa\u00edses participem da competi\u00e7\u00e3o organizada pela Uni\u00e3o Cicl\u00edstica Internacional (UCI).<br>&nbsp;<br>Ao todo s\u00e3o 14 cidades divididas em nove pa\u00edses que receber\u00e3o as etapas, e no Brasil apenas Arax\u00e1 e Mairipor\u00e3 (SP) foram escolhidas. O calend\u00e1rio da etapa inclui disputas do Cross Country ol\u00edmpico (XCO), Short Track (XCC), Downhill (DHI) e Enduro (EDR), incluindo E-Enduro (E-EDR).<br><br>O an\u00fancio oficial aconteceu na ter\u00e7a-feira (17), no Arax\u00e1 Center Shopping, e contou com a presen\u00e7a do prefeito Robson Magela, do secret\u00e1rio de Desenvolvimento Econ\u00f4mico, Inova\u00e7\u00e3o e Turismo, Juliano Cesar da Silva, do presidente da C\u00e2mara de Vereadores, Bosco J\u00fanior, representantes da Associa\u00e7\u00e3o de Ciclismo e Esporte de Aventura de Arax\u00e1 (Aceaa), ciclistas e entusiastas do esporte e imprensa.<br>&nbsp;<br>Tamb\u00e9m prestigiaram o evento, de forma online, o governador de Minas Gerais, Romeu Zema, o deputado estadual Bosco e o organizador da Copa Internacional de Mountain Bike (CIMTB), Rog\u00e9rio Bernardes. A multiatleta Jane Porf\u00edrio foi escolhida como embaixadora da etapa de Arax\u00e1.<br>&nbsp;<br>O prefeito Robson Magela explica que a cidade est\u00e1 acostumada a receber grandes nomes do ciclismo mundial. \u201cEm abril deste ano, Arax\u00e1 foi sede da Copa Internacional de Mountain Bike pelo 20\u00ba ano consecutivo. E hoje poder receber uma not\u00edcia dessa \u00e9 muito bom, e saber que somos umas das cidades representantes do nosso pa\u00eds \u00e9 melhor ainda. Isso mostra que estamos no caminho certo. Esse evento vai fomentar nossa economia local, a rede hoteleira e ir\u00e1 apresentar Arax\u00e1 para o mundo todo. Estamos muito honrados\u201d, reitera.<br><br>De acordo com o secret\u00e1rio Juliano Cesar da Silva, a cidade j\u00e1 come\u00e7a a se preparar para receber o evento. \u201cJ\u00e1 estamos nos planejando para trabalhar arduamente com o intuito de atender melhor os atletas, as delega\u00e7\u00f5es e os visitantes de forma geral. Na parte pr\u00e1tica, queremos oferecer tamb\u00e9m uma melhor ergonomia para os competidores para que levem o nome de Arax\u00e1 a patamares ainda maiores\u201d, refor\u00e7a.<br><br>O presidente da C\u00e2mara Municipal de Arax\u00e1, vereador Bosco J\u00fanior, explica que ao longo da hist\u00f3ria a cidade nunca recebeu um evento dessa propor\u00e7\u00e3o. \u201cS\u00e3o mais de 40 pa\u00edses envolvidos, 400 atletas e 150 profissionais apenas na transmiss\u00e3o ao vivo. Acredito que \u00e9 um evento que vai fomentar muito a economia em diversos aspectos, seja no ramo da hotelaria e outras frentes econ\u00f4micas que v\u00e3o deixar um legado muito positivo e hist\u00f3rico para a nossa cidade\u201d, destaca.<br>&nbsp;<br>O atleta Ol\u00edmpico, tricampe\u00e3o brasileiro e sete vezes campe\u00e3o da CIMTB tamb\u00e9m esteve no an\u00fancio e destaca a import\u00e2ncia do evento para a cidade. \u201c\u00c9 muito legal essa novidade, pois Arax\u00e1 sedia a Copa Internacional h\u00e1 20 anos, e trazer a Copa do Mundo da categoria, um evento dessa propor\u00e7\u00e3o, \u00e9 muito importante para Arax\u00e1, regi\u00e3o e para o Brasil de forma geral\u201d, conclui.<\/p>\n","protected":false},"excerpt":{"rendered":"<p>Uma conquista hist\u00f3rica! Arax\u00e1 foi anunciada entre as cidades que v\u00e3o receber a Copa do Mundo de Mountain Bike em<\/p>\n","protected":false},"author":2,"featured_media":6410,"comment_status":"open","ping_status":"open","sticky":false,"template":"","format":"standard","meta":{"footnotes":""},"categories":[9,11],"tags":[],"class_list":["post-6409","post","type-post","status-publish","format-standard","has-post-thumbnail","hentry","category-araxa","category-destaques"],"_links":{"self":[{"href":"http:\/\/blogdoarmindomaia.com.br\/index.php?rest_route=\/wp\/v2\/posts\/6409","targetHints":{"allow":["GET"]}}],"collection":[{"href":"http:\/\/blogdoarmindomaia.com.br\/index.php?rest_route=\/wp\/v2\/posts"}],"about":[{"href":"http:\/\/blogdoarmindomaia.com.br\/index.php?rest_route=\/wp\/v2\/types\/post"}],"author":[{"embeddable":true,"href":"http:\/\/blogdoarmindomaia.com.br\/index.php?rest_route=\/wp\/v2\/users\/2"}],"replies":[{"embeddable":true,"href":"http:\/\/blogdoarmindomaia.com.br\/index.php?rest_route=%2Fwp%2Fv2%2Fcomments&post=6409"}],"version-history":[{"count":1,"href":"http:\/\/blogdoarmindomaia.com.br\/index.php?rest_route=\/wp\/v2\/posts\/6409\/revisions"}],"predecessor-version":[{"id":6412,"href":"http:\/\/blogdoarmindomaia.com.br\/index.php?rest_route=\/wp\/v2\/posts\/6409\/revisions\/6412"}],"wp:featuredmedia":[{"embeddable":true,"href":"http:\/\/blogdoarmindomaia.com.br\/index.php?rest_route=\/wp\/v2\/media\/6410"}],"wp:attachment":[{"href":"http:\/\/blogdoarmindomaia.com.br\/index.php?rest_route=%2Fwp%2Fv2%2Fmedia&parent=6409"}],"wp:term":[{"taxonomy":"category","embeddable":true,"href":"http:\/\/blogdoarmindomaia.com.br\/index.php?rest_route=%2Fwp%2Fv2%2Fcategories&post=6409"},{"taxonomy":"post_tag","embeddable":true,"href":"http:\/\/blogdoarmindomaia.com.br\/index.php?rest_route=%2Fwp%2Fv2%2Ftags&post=6409"}],"curies":[{"name":"wp","href":"https:\/\/api.w.org\/{rel}","templated":true}]}}