{"id":6413,"date":"2023-10-18T11:29:23","date_gmt":"2023-10-18T14:29:23","guid":{"rendered":"http:\/\/blogdoarmindomaia.com.br\/?p=6413"},"modified":"2023-10-18T11:29:25","modified_gmt":"2023-10-18T14:29:25","slug":"vereadores-aprovam-pedido-de-abertura-de-comissao-processante-contra-o-prefeito-de-araxa","status":"publish","type":"post","link":"http:\/\/blogdoarmindomaia.com.br\/?p=6413","title":{"rendered":"Vereadores aprovam pedido de abertura de Comiss\u00e3o Processante contra o Prefeito de Arax\u00e1"},"content":{"rendered":"\n<figure class=\"wp-block-image size-large is-style-default\"><img loading=\"lazy\" decoding=\"async\" width=\"1024\" height=\"576\" src=\"http:\/\/blogdoarmindomaia.com.br\/wp-content\/uploads\/2023\/10\/Vereadores-aprovam-pedido-de-abertura-de-Comissao-Processante-contra-o-Prefeito-de-Araxa-pag-11-1024x576.jpeg\" alt=\"\" class=\"wp-image-6414\" srcset=\"http:\/\/blogdoarmindomaia.com.br\/wp-content\/uploads\/2023\/10\/Vereadores-aprovam-pedido-de-abertura-de-Comissao-Processante-contra-o-Prefeito-de-Araxa-pag-11-1024x576.jpeg 1024w, http:\/\/blogdoarmindomaia.com.br\/wp-content\/uploads\/2023\/10\/Vereadores-aprovam-pedido-de-abertura-de-Comissao-Processante-contra-o-Prefeito-de-Araxa-pag-11-300x169.jpeg 300w, http:\/\/blogdoarmindomaia.com.br\/wp-content\/uploads\/2023\/10\/Vereadores-aprovam-pedido-de-abertura-de-Comissao-Processante-contra-o-Prefeito-de-Araxa-pag-11-768x432.jpeg 768w, http:\/\/blogdoarmindomaia.com.br\/wp-content\/uploads\/2023\/10\/Vereadores-aprovam-pedido-de-abertura-de-Comissao-Processante-contra-o-Prefeito-de-Araxa-pag-11-1536x864.jpeg 1536w, http:\/\/blogdoarmindomaia.com.br\/wp-content\/uploads\/2023\/10\/Vereadores-aprovam-pedido-de-abertura-de-Comissao-Processante-contra-o-Prefeito-de-Araxa-pag-11.jpeg 1600w\" sizes=\"auto, (max-width: 1024px) 100vw, 1024px\" \/><\/figure>\n\n\n\n<p>A reuni\u00e3o ordin\u00e1ria semanal da C\u00e2mara Municipal de Arax\u00e1 foi realizada na ter\u00e7a-feira (17). No in\u00edcio da sess\u00e3o, o primeiro secret\u00e1rio da Mesa Diretora, vereador Evaldo do Ferrocarril, fez a leitura de um pedido para instaura\u00e7\u00e3o de uma Comiss\u00e3o Processante (CP) contra o Prefeito Municipal Robson Magela. A solicita\u00e7\u00e3o foi protocolada na tarde de segunda-feira (16), pelo advogado Robson Merola. Segundo Decreto-Lei 201\/67, este tipo de pedido pode ser feito por qualquer pessoa da comunidade.<\/p>\n\n\n\n<p>Uma comiss\u00e3o processante \u00e9 um grupo de vereadores designado para investigar e tomar decis\u00f5es em rela\u00e7\u00e3o a alega\u00e7\u00f5es de conduta inadequada ou viola\u00e7\u00f5es. O documento protocolado por Merola, cita trechos do relat\u00f3rio final da Comiss\u00e3o Parlamentar de Inqu\u00e9rio \u2013 CPI 02\/2023, que investigou poss\u00edveis atos de irregularidades na contrata\u00e7\u00e3o de ve\u00edculos, m\u00e1quinas, tratores, caminh\u00f5es e equipamentos por meio do Cons\u00f3rcio Intermunicipal Multifinalit\u00e1rio do Planalto de Arax\u00e1 (CIMPLA) para atender \u00e0s demandas da Secretaria Municipal de Agricultura. Ela foi criada tendo como base a \u201cOpera\u00e7\u00e3o Our\u00edmetro\u201d, realizada pela Pol\u00edcia Civil.<\/p>\n\n\n\n<p>Ap\u00f3s a leitura do pedido, o presidente da mesa diretora, vereador Bosco J\u00fanior, conduziu a vota\u00e7\u00e3o para instaura\u00e7\u00e3o da CP. O Decreto-Lei 201\/67 determina maioria simples de votos para aprova\u00e7\u00e3o deste tipo de solicita\u00e7\u00e3o. Por 9 votos a 5, o pedido de abertura de CP foi aprovado em plen\u00e1rio.<\/p>\n\n\n\n<p>Logo ap\u00f3s foi realizado um sorteio para determinar os vereadores que far\u00e3o parte da Comiss\u00e3o. Foram sorteados os seguintes parlamentares: Dr. Zidane (presidente), Leni Nobre (relatora) e Omara Paolinelli (membro). Como suplentes foram eleitos os vereadores (as): Maristela Dutra (1\u00ba suplente), Fernanda Castelha (2\u00ba suplente) e Pr. Moacir (3\u00basuplente).<\/p>\n\n\n\n<p>Recebendo o processo, o presidente da comiss\u00e3o iniciar\u00e1 os trabalhos notificando o denunciado, com a remessa de c\u00f3pia da den\u00fancia e documentos que a instru\u00edrem, para que, no prazo de dez (10) dias, apresente defesa pr\u00e9via por escrito, indique as provas que pretender produzir e arrole at\u00e9 um n\u00famero m\u00e1ximo de dez (10) testemunhas,<\/p>\n","protected":false},"excerpt":{"rendered":"<p>A reuni\u00e3o ordin\u00e1ria semanal da C\u00e2mara Municipal de Arax\u00e1 foi realizada na ter\u00e7a-feira (17). No in\u00edcio da sess\u00e3o, o primeiro<\/p>\n","protected":false},"author":2,"featured_media":6414,"comment_status":"open","ping_status":"open","sticky":false,"template":"","format":"standard","meta":{"footnotes":""},"categories":[9,11],"tags":[],"class_list":["post-6413","post","type-post","status-publish","format-standard","has-post-thumbnail","hentry","category-araxa","category-destaques"],"_links":{"self":[{"href":"http:\/\/blogdoarmindomaia.com.br\/index.php?rest_route=\/wp\/v2\/posts\/6413","targetHints":{"allow":["GET"]}}],"collection":[{"href":"http:\/\/blogdoarmindomaia.com.br\/index.php?rest_route=\/wp\/v2\/posts"}],"about":[{"href":"http:\/\/blogdoarmindomaia.com.br\/index.php?rest_route=\/wp\/v2\/types\/post"}],"author":[{"embeddable":true,"href":"http:\/\/blogdoarmindomaia.com.br\/index.php?rest_route=\/wp\/v2\/users\/2"}],"replies":[{"embeddable":true,"href":"http:\/\/blogdoarmindomaia.com.br\/index.php?rest_route=%2Fwp%2Fv2%2Fcomments&post=6413"}],"version-history":[{"count":1,"href":"http:\/\/blogdoarmindomaia.com.br\/index.php?rest_route=\/wp\/v2\/posts\/6413\/revisions"}],"predecessor-version":[{"id":6415,"href":"http:\/\/blogdoarmindomaia.com.br\/index.php?rest_route=\/wp\/v2\/posts\/6413\/revisions\/6415"}],"wp:featuredmedia":[{"embeddable":true,"href":"http:\/\/blogdoarmindomaia.com.br\/index.php?rest_route=\/wp\/v2\/media\/6414"}],"wp:attachment":[{"href":"http:\/\/blogdoarmindomaia.com.br\/index.php?rest_route=%2Fwp%2Fv2%2Fmedia&parent=6413"}],"wp:term":[{"taxonomy":"category","embeddable":true,"href":"http:\/\/blogdoarmindomaia.com.br\/index.php?rest_route=%2Fwp%2Fv2%2Fcategories&post=6413"},{"taxonomy":"post_tag","embeddable":true,"href":"http:\/\/blogdoarmindomaia.com.br\/index.php?rest_route=%2Fwp%2Fv2%2Ftags&post=6413"}],"curies":[{"name":"wp","href":"https:\/\/api.w.org\/{rel}","templated":true}]}}