{"id":6421,"date":"2023-10-19T15:22:38","date_gmt":"2023-10-19T18:22:38","guid":{"rendered":"http:\/\/blogdoarmindomaia.com.br\/?p=6421"},"modified":"2023-10-19T15:22:40","modified_gmt":"2023-10-19T18:22:40","slug":"robson-magela-participa-de-mobilizacao-municipalista-em-brasilia","status":"publish","type":"post","link":"http:\/\/blogdoarmindomaia.com.br\/?p=6421","title":{"rendered":"Robson Magela participa de Mobiliza\u00e7\u00e3o Municipalista em Bras\u00edlia"},"content":{"rendered":"\n<p><\/p>\n\n\n\n<figure class=\"wp-block-image size-full is-style-default\"><img loading=\"lazy\" decoding=\"async\" width=\"810\" height=\"1024\" src=\"http:\/\/blogdoarmindomaia.com.br\/wp-content\/uploads\/2023\/10\/Robson-Magela-participa-de-Mobilizacao-Municipalista-em-Brasilia-pag-07.jpeg\" alt=\"\" class=\"wp-image-6423\" srcset=\"http:\/\/blogdoarmindomaia.com.br\/wp-content\/uploads\/2023\/10\/Robson-Magela-participa-de-Mobilizacao-Municipalista-em-Brasilia-pag-07.jpeg 810w, http:\/\/blogdoarmindomaia.com.br\/wp-content\/uploads\/2023\/10\/Robson-Magela-participa-de-Mobilizacao-Municipalista-em-Brasilia-pag-07-237x300.jpeg 237w, http:\/\/blogdoarmindomaia.com.br\/wp-content\/uploads\/2023\/10\/Robson-Magela-participa-de-Mobilizacao-Municipalista-em-Brasilia-pag-07-768x971.jpeg 768w\" sizes=\"auto, (max-width: 810px) 100vw, 810px\" \/><\/figure>\n\n\n\n<figure class=\"wp-block-image size-full is-style-default\"><img loading=\"lazy\" decoding=\"async\" width=\"1024\" height=\"682\" src=\"http:\/\/blogdoarmindomaia.com.br\/wp-content\/uploads\/2023\/10\/mobilizacao-municipalista-6.jpeg\" alt=\"\" class=\"wp-image-6424\" srcset=\"http:\/\/blogdoarmindomaia.com.br\/wp-content\/uploads\/2023\/10\/mobilizacao-municipalista-6.jpeg 1024w, http:\/\/blogdoarmindomaia.com.br\/wp-content\/uploads\/2023\/10\/mobilizacao-municipalista-6-300x200.jpeg 300w, http:\/\/blogdoarmindomaia.com.br\/wp-content\/uploads\/2023\/10\/mobilizacao-municipalista-6-768x512.jpeg 768w\" sizes=\"auto, (max-width: 1024px) 100vw, 1024px\" \/><\/figure>\n\n\n\n<p>O prefeito de Arax\u00e1, Robson Magela, participou da Mobiliza\u00e7\u00e3o Municipalista, promovida pela Confedera\u00e7\u00e3o Nacional de Munic\u00edpios (CNM), em Bras\u00edlia. O evento contou uma extensa agenda de reuni\u00f5es com os Poderes Executivo, Legislativo e \u00d3rg\u00e3os de Controle, mobilizando 3 mil prefeitos. O objetivo foi buscar solu\u00e7\u00f5es e recursos junto ao Governo Federal para a crise financeira que assola as cidades brasileiras. Na oportunidade, os gestores cobraram a\u00e7\u00f5es do Governo Federal frente aos problemas enfrentados pelas cidades, especialmente, sobre o cen\u00e1rio de queda do Fundo de Participa\u00e7\u00e3o dos Munic\u00edpios (FPM). A programa\u00e7\u00e3o contou com agendas junto ao Congresso Nacional, ao Tribunal de Contas da Uni\u00e3o (TCU) e \u00e0 Controladoria-Geral da Uni\u00e3o (CGU). O prefeito Robson Magela destaca a import\u00e2ncia da participa\u00e7\u00e3o de Arax\u00e1 no evento e explica que a crise financeira tem afetado significativamente a Sociedade Civil, por isso, a situa\u00e7\u00e3o exige a\u00e7\u00f5es urgentes. \u201cEstamos aqui para unir for\u00e7as e buscar solu\u00e7\u00f5es que beneficiem a cidade como um todo. Tive a oportunidade de conversar com muitos prefeitos e, infelizmente, essa crise afetou todo o pa\u00eds. S\u00f3 quem est\u00e1 \u00e0 frente de prefeituras sabe a realidade vivenciada para manter os servi\u00e7os para a popula\u00e7\u00e3o\u201d, destaca o prefeito.<br><\/p>\n","protected":false},"excerpt":{"rendered":"<p>O prefeito de Arax\u00e1, Robson Magela, participou da Mobiliza\u00e7\u00e3o Municipalista, promovida pela Confedera\u00e7\u00e3o Nacional de Munic\u00edpios (CNM), em Bras\u00edlia. O<\/p>\n","protected":false},"author":2,"featured_media":6423,"comment_status":"open","ping_status":"open","sticky":false,"template":"","format":"standard","meta":{"footnotes":""},"categories":[9,11],"tags":[],"class_list":["post-6421","post","type-post","status-publish","format-standard","has-post-thumbnail","hentry","category-araxa","category-destaques"],"_links":{"self":[{"href":"http:\/\/blogdoarmindomaia.com.br\/index.php?rest_route=\/wp\/v2\/posts\/6421","targetHints":{"allow":["GET"]}}],"collection":[{"href":"http:\/\/blogdoarmindomaia.com.br\/index.php?rest_route=\/wp\/v2\/posts"}],"about":[{"href":"http:\/\/blogdoarmindomaia.com.br\/index.php?rest_route=\/wp\/v2\/types\/post"}],"author":[{"embeddable":true,"href":"http:\/\/blogdoarmindomaia.com.br\/index.php?rest_route=\/wp\/v2\/users\/2"}],"replies":[{"embeddable":true,"href":"http:\/\/blogdoarmindomaia.com.br\/index.php?rest_route=%2Fwp%2Fv2%2Fcomments&post=6421"}],"version-history":[{"count":1,"href":"http:\/\/blogdoarmindomaia.com.br\/index.php?rest_route=\/wp\/v2\/posts\/6421\/revisions"}],"predecessor-version":[{"id":6425,"href":"http:\/\/blogdoarmindomaia.com.br\/index.php?rest_route=\/wp\/v2\/posts\/6421\/revisions\/6425"}],"wp:featuredmedia":[{"embeddable":true,"href":"http:\/\/blogdoarmindomaia.com.br\/index.php?rest_route=\/wp\/v2\/media\/6423"}],"wp:attachment":[{"href":"http:\/\/blogdoarmindomaia.com.br\/index.php?rest_route=%2Fwp%2Fv2%2Fmedia&parent=6421"}],"wp:term":[{"taxonomy":"category","embeddable":true,"href":"http:\/\/blogdoarmindomaia.com.br\/index.php?rest_route=%2Fwp%2Fv2%2Fcategories&post=6421"},{"taxonomy":"post_tag","embeddable":true,"href":"http:\/\/blogdoarmindomaia.com.br\/index.php?rest_route=%2Fwp%2Fv2%2Ftags&post=6421"}],"curies":[{"name":"wp","href":"https:\/\/api.w.org\/{rel}","templated":true}]}}