{"id":6426,"date":"2023-10-19T15:26:16","date_gmt":"2023-10-19T18:26:16","guid":{"rendered":"http:\/\/blogdoarmindomaia.com.br\/?p=6426"},"modified":"2023-10-19T15:26:19","modified_gmt":"2023-10-19T18:26:19","slug":"estudante-do-csd-representa-regiao-e-aprova-proposta-na-plenaria-estadual-do-parlamento-jovem-de-minas","status":"publish","type":"post","link":"http:\/\/blogdoarmindomaia.com.br\/?p=6426","title":{"rendered":"Estudante do CSD representa regi\u00e3o e aprova proposta na Plen\u00e1ria Estadual do Parlamento Jovem de Minas"},"content":{"rendered":"\n<p><em>Isabella Contagem foi destaque da \u00faltima etapa do projeto<\/em><\/p>\n\n\n\n<figure class=\"wp-block-image size-full is-style-default\"><img loading=\"lazy\" decoding=\"async\" width=\"750\" height=\"521\" src=\"http:\/\/blogdoarmindomaia.com.br\/wp-content\/uploads\/2023\/10\/Estudante-do-CSD-representa-regiao-e-aprova-proposta-na-Plenaria-Estadual-do-Parlamento-Jovem-de-Minas-PAG-04.jpg\" alt=\"\" class=\"wp-image-6427\" srcset=\"http:\/\/blogdoarmindomaia.com.br\/wp-content\/uploads\/2023\/10\/Estudante-do-CSD-representa-regiao-e-aprova-proposta-na-Plenaria-Estadual-do-Parlamento-Jovem-de-Minas-PAG-04.jpg 750w, http:\/\/blogdoarmindomaia.com.br\/wp-content\/uploads\/2023\/10\/Estudante-do-CSD-representa-regiao-e-aprova-proposta-na-Plenaria-Estadual-do-Parlamento-Jovem-de-Minas-PAG-04-300x208.jpg 300w, http:\/\/blogdoarmindomaia.com.br\/wp-content\/uploads\/2023\/10\/Estudante-do-CSD-representa-regiao-e-aprova-proposta-na-Plenaria-Estadual-do-Parlamento-Jovem-de-Minas-PAG-04-392x272.jpg 392w, http:\/\/blogdoarmindomaia.com.br\/wp-content\/uploads\/2023\/10\/Estudante-do-CSD-representa-regiao-e-aprova-proposta-na-Plenaria-Estadual-do-Parlamento-Jovem-de-Minas-PAG-04-130x90.jpg 130w\" sizes=\"auto, (max-width: 750px) 100vw, 750px\" \/><\/figure>\n\n\n\n<p>A aluna do Col\u00e9gio S\u00e3o Domingos, Isabella Contagem, foi um dos grandes destaques da plen\u00e1ria estadual do Parlamento Jovem de Minas. A estudante, que representou a regi\u00e3o no evento estadual, contribuiu muito para que uma proposta que nasceu em Arax\u00e1, a partir de uma ideia dela, figurasse na cartilha final do projeto. \u201cO projeto que idealizei tem o objetivo de garantir que cursos t\u00e9cnicos tenham na grade uma mat\u00e9ria sobre direitos trabalhistas, conduta profissional e defesa dos jovens, em casos de abusos. Nas plen\u00e1rias municipal e regional essa proposta foi aglutinada com outras e recebeu colabora\u00e7\u00f5es de outros estudantes, at\u00e9 ser apresentada na plen\u00e1ria estadual, em Belo Horizonte\u201d, conta Isabella.<\/p>\n\n\n\n<p>A etapa estadual do projeto reuniu centenas de estudantes na Assembleia Legislativa de Minas Gerais (ALMG). Durante tr\u00eas dias foram realizados grupos de trabalho, viv\u00eancias de entrosamento e debates. Segundo o coordenador local do projeto, a atua\u00e7\u00e3o de Isabella nas atividades foi decisiva para o resultado. \u201cEla foi destaque tanto na orat\u00f3ria, quanto na argumenta\u00e7\u00e3o. Eu fico muito feliz e honrado de ver os nossos alunos crescerem tanto. Isabella demonstrou todo seu aprendizado e o quanto estava preparada para este momento\u201d, ressalta Carlos Vin\u00edcius Santos da Silva.<\/p>\n\n\n\n<p>Al\u00e9m da proposta de Arax\u00e1, outras onze foram priorizadas na cartilha final do projeto. Essas sugest\u00f5es s\u00e3o entregues \u00e0s c\u00e2maras municipais e \u00e0 ALMG, por meio da Comiss\u00e3o de Participa\u00e7\u00e3o Popular. \u201cNossa proposta agora poder\u00e1 ser analisada e se tornar um projeto de lei\u201d, destaca Isabella.<\/p>\n\n\n\n<p>Esta foi a segunda vez consecutiva que alunos do Col\u00e9gio S\u00e3o Domingos representaram a regi\u00e3o numa plen\u00e1ria estadual e as respectivas propostas foram aprovadas. \u201c\u00c9 um orgulho para toda a comunidade escolar! Fazer pol\u00edtica \u00e9 imprescind\u00edvel para vivermos em sociedade. Aprender isso desde cedo \u00e9 important\u00edssimo, independentemente dos caminhos que v\u00e3o seguir\u201d, ressalta Renato Fonseca Barcellos, Coordenador Pedag\u00f3gico do Ensino M\u00e9dio &#8211; CSD.<\/p>\n\n\n\n<p><strong>Parlamento jovem<\/strong><\/p>\n\n\n\n<p>O Parlamento Jovem de Minas \u00e9 um programa de forma\u00e7\u00e3o pol\u00edtica direcionada aos estudantes do Ensino M\u00e9dio. Nele, o jovem conhece a pol\u00edtica e as formas de participa\u00e7\u00e3o nos Legislativos municipal e estadual. \u00c9 uma iniciativa da ALMG, por meio da Escola do Legislativo. As cidades participam atrav\u00e9s das C\u00e2maras Municipais, que s\u00e3o as parceiras do programa.<\/p>\n\n\n\n<p>A cada edi\u00e7\u00e3o anual, os estudantes do PJ Minas escolhem e debatem um tema de relev\u00e2ncia social. Os jovens encaminham, ao final das atividades, propostas de a\u00e7\u00f5es legislativas sobre o tema.<\/p>\n\n\n\n<p>O projeto \u00e9 realizado em v\u00e1rias etapas. Nelas os alunos decidem entre si quem e quais projetos ser\u00e3o selecionados para a fase seguinte. O encerramento re\u00fane representantes de mais de 130 cidades na capital e tem como \u00e1pice a Plen\u00e1ria Estadual.<\/p>\n","protected":false},"excerpt":{"rendered":"<p>Isabella Contagem foi destaque da \u00faltima etapa do projeto A aluna do Col\u00e9gio S\u00e3o Domingos, Isabella Contagem, foi um dos<\/p>\n","protected":false},"author":2,"featured_media":6427,"comment_status":"open","ping_status":"open","sticky":false,"template":"","format":"standard","meta":{"footnotes":""},"categories":[9,11,13],"tags":[],"class_list":["post-6426","post","type-post","status-publish","format-standard","has-post-thumbnail","hentry","category-araxa","category-destaques","category-educacao"],"_links":{"self":[{"href":"http:\/\/blogdoarmindomaia.com.br\/index.php?rest_route=\/wp\/v2\/posts\/6426","targetHints":{"allow":["GET"]}}],"collection":[{"href":"http:\/\/blogdoarmindomaia.com.br\/index.php?rest_route=\/wp\/v2\/posts"}],"about":[{"href":"http:\/\/blogdoarmindomaia.com.br\/index.php?rest_route=\/wp\/v2\/types\/post"}],"author":[{"embeddable":true,"href":"http:\/\/blogdoarmindomaia.com.br\/index.php?rest_route=\/wp\/v2\/users\/2"}],"replies":[{"embeddable":true,"href":"http:\/\/blogdoarmindomaia.com.br\/index.php?rest_route=%2Fwp%2Fv2%2Fcomments&post=6426"}],"version-history":[{"count":1,"href":"http:\/\/blogdoarmindomaia.com.br\/index.php?rest_route=\/wp\/v2\/posts\/6426\/revisions"}],"predecessor-version":[{"id":6428,"href":"http:\/\/blogdoarmindomaia.com.br\/index.php?rest_route=\/wp\/v2\/posts\/6426\/revisions\/6428"}],"wp:featuredmedia":[{"embeddable":true,"href":"http:\/\/blogdoarmindomaia.com.br\/index.php?rest_route=\/wp\/v2\/media\/6427"}],"wp:attachment":[{"href":"http:\/\/blogdoarmindomaia.com.br\/index.php?rest_route=%2Fwp%2Fv2%2Fmedia&parent=6426"}],"wp:term":[{"taxonomy":"category","embeddable":true,"href":"http:\/\/blogdoarmindomaia.com.br\/index.php?rest_route=%2Fwp%2Fv2%2Fcategories&post=6426"},{"taxonomy":"post_tag","embeddable":true,"href":"http:\/\/blogdoarmindomaia.com.br\/index.php?rest_route=%2Fwp%2Fv2%2Ftags&post=6426"}],"curies":[{"name":"wp","href":"https:\/\/api.w.org\/{rel}","templated":true}]}}