{"id":643,"date":"2022-05-04T22:57:17","date_gmt":"2022-05-05T01:57:17","guid":{"rendered":"http:\/\/blogdoarmindomaia.com.br\/?p=643"},"modified":"2022-05-04T22:57:19","modified_gmt":"2022-05-05T01:57:19","slug":"dinamo-prorroga-inscricoes-para-projeto-social-de-futsal-destinado-a-criancas-e-adolescentes","status":"publish","type":"post","link":"http:\/\/blogdoarmindomaia.com.br\/?p=643","title":{"rendered":"D\u00ednamo prorroga inscri\u00e7\u00f5es para projeto social de futsal destinado a crian\u00e7as e adolescentes"},"content":{"rendered":"\n<figure class=\"wp-block-image size-large is-style-default\"><img loading=\"lazy\" decoding=\"async\" width=\"1024\" height=\"682\" src=\"http:\/\/blogdoarmindomaia.com.br\/wp-content\/uploads\/2022\/05\/Projeto-Social-Dinamo-1024x682.jpg\" alt=\"\" class=\"wp-image-644\" srcset=\"http:\/\/blogdoarmindomaia.com.br\/wp-content\/uploads\/2022\/05\/Projeto-Social-Dinamo-1024x682.jpg 1024w, http:\/\/blogdoarmindomaia.com.br\/wp-content\/uploads\/2022\/05\/Projeto-Social-Dinamo-300x200.jpg 300w, http:\/\/blogdoarmindomaia.com.br\/wp-content\/uploads\/2022\/05\/Projeto-Social-Dinamo-768x512.jpg 768w, http:\/\/blogdoarmindomaia.com.br\/wp-content\/uploads\/2022\/05\/Projeto-Social-Dinamo-1536x1023.jpg 1536w, http:\/\/blogdoarmindomaia.com.br\/wp-content\/uploads\/2022\/05\/Projeto-Social-Dinamo.jpg 1600w\" sizes=\"auto, (max-width: 1024px) 100vw, 1024px\" \/><\/figure>\n\n\n\n<p>A Associa\u00e7\u00e3o Esportiva D\u00ednamo Esporte Clube prorrogou as inscri\u00e7\u00f5es para as turmas de futsal destinadas a crian\u00e7as e adolescentes de 6 a 13 anos. As matr\u00edculas est\u00e3o sendo realizadas no Est\u00e1dio Octaviano&nbsp;Para\u00edso&nbsp;(Parais\u00e3o) \u2013 CT do D\u00ednamo, no endere\u00e7o Rua Dulce Mascarenhas Torres, 725 \u2013 Vila Silv\u00e9ria.<\/p>\n\n\n\n<p>O projeto \u00e9 gratuito, aberto \u00e0 comunidade e as vagas s\u00e3o limitadas. Para participar das atividades \u00e9 necess\u00e1rio estar matriculado na rede regular de ensino. A inscri\u00e7\u00e3o deve ser feita pelo respons\u00e1vel legal do adolescente, com a apresenta\u00e7\u00e3o dos documentos pessoais de ambos. S\u00e3o eles: RG, CPF e comprovante de resid\u00eancia.<\/p>\n\n\n\n<p>Para mais informa\u00e7\u00f5es, o telefone para contato \u00e9 o (34) 3662-5170.<\/p>\n\n\n\n<p><strong>Sobre o Projeto<\/strong><\/p>\n\n\n\n<p>O Lobinho transformando vidas \u00e9 um projeto que apresenta uma proposta educativa baseada no conceito do esporte para desenvolvimento humano. Al\u00e9m disso,&nbsp;busca potencializar as a\u00e7\u00f5es de ensino e aprendizagem, complementando as a\u00e7\u00f5es da rede formal de educa\u00e7\u00e3o.<\/p>\n\n\n\n<p>O projeto contempla pr\u00e1ticas esportivas, pedag\u00f3gicas, atividades l\u00fadicas e culturais para a forma\u00e7\u00e3o de valores para a vida. Com o objetivo de utilizar o esporte como uma ferramenta para desenvolvimento humano e social.<\/p>\n\n\n\n<p>As atividades de futsal s\u00e3o realizadas na Quadra da escola Agar Afonseca e Silva \u2013 P\u00e3o de A\u00e7\u00facar IV, no Gin\u00e1sio Paulinho de Souza \u2013 Jardim Nat\u00e1lia e ser\u00e1 iniciada uma nova turma no Gin\u00e1sio Geraldo Montovani \u2013 Padre Alaor.<\/p>\n","protected":false},"excerpt":{"rendered":"<p>A Associa\u00e7\u00e3o Esportiva D\u00ednamo Esporte Clube prorrogou as inscri\u00e7\u00f5es para as turmas de futsal destinadas a crian\u00e7as e adolescentes de<\/p>\n","protected":false},"author":2,"featured_media":644,"comment_status":"open","ping_status":"open","sticky":false,"template":"","format":"standard","meta":{"footnotes":""},"categories":[9,15],"tags":[],"class_list":["post-643","post","type-post","status-publish","format-standard","has-post-thumbnail","hentry","category-araxa","category-esportes"],"_links":{"self":[{"href":"http:\/\/blogdoarmindomaia.com.br\/index.php?rest_route=\/wp\/v2\/posts\/643","targetHints":{"allow":["GET"]}}],"collection":[{"href":"http:\/\/blogdoarmindomaia.com.br\/index.php?rest_route=\/wp\/v2\/posts"}],"about":[{"href":"http:\/\/blogdoarmindomaia.com.br\/index.php?rest_route=\/wp\/v2\/types\/post"}],"author":[{"embeddable":true,"href":"http:\/\/blogdoarmindomaia.com.br\/index.php?rest_route=\/wp\/v2\/users\/2"}],"replies":[{"embeddable":true,"href":"http:\/\/blogdoarmindomaia.com.br\/index.php?rest_route=%2Fwp%2Fv2%2Fcomments&post=643"}],"version-history":[{"count":1,"href":"http:\/\/blogdoarmindomaia.com.br\/index.php?rest_route=\/wp\/v2\/posts\/643\/revisions"}],"predecessor-version":[{"id":645,"href":"http:\/\/blogdoarmindomaia.com.br\/index.php?rest_route=\/wp\/v2\/posts\/643\/revisions\/645"}],"wp:featuredmedia":[{"embeddable":true,"href":"http:\/\/blogdoarmindomaia.com.br\/index.php?rest_route=\/wp\/v2\/media\/644"}],"wp:attachment":[{"href":"http:\/\/blogdoarmindomaia.com.br\/index.php?rest_route=%2Fwp%2Fv2%2Fmedia&parent=643"}],"wp:term":[{"taxonomy":"category","embeddable":true,"href":"http:\/\/blogdoarmindomaia.com.br\/index.php?rest_route=%2Fwp%2Fv2%2Fcategories&post=643"},{"taxonomy":"post_tag","embeddable":true,"href":"http:\/\/blogdoarmindomaia.com.br\/index.php?rest_route=%2Fwp%2Fv2%2Ftags&post=643"}],"curies":[{"name":"wp","href":"https:\/\/api.w.org\/{rel}","templated":true}]}}