{"id":6430,"date":"2023-10-19T15:32:16","date_gmt":"2023-10-19T18:32:16","guid":{"rendered":"http:\/\/blogdoarmindomaia.com.br\/?p=6430"},"modified":"2023-10-19T15:32:19","modified_gmt":"2023-10-19T18:32:19","slug":"congresso-da-federaminas-traz-palestrantes-renomados-a-araxa","status":"publish","type":"post","link":"http:\/\/blogdoarmindomaia.com.br\/?p=6430","title":{"rendered":"Congresso da Federaminas traz palestrantes renomados \u00e0 Arax\u00e1"},"content":{"rendered":"\n<figure class=\"wp-block-image size-large is-style-default\"><img loading=\"lazy\" decoding=\"async\" width=\"1024\" height=\"576\" src=\"http:\/\/blogdoarmindomaia.com.br\/wp-content\/uploads\/2023\/10\/Congresso-da-Federaminas-traz-palestrantes-renomados-a-Araxa-pag-07-1024x576.jpeg\" alt=\"\" class=\"wp-image-6431\" srcset=\"http:\/\/blogdoarmindomaia.com.br\/wp-content\/uploads\/2023\/10\/Congresso-da-Federaminas-traz-palestrantes-renomados-a-Araxa-pag-07-1024x576.jpeg 1024w, http:\/\/blogdoarmindomaia.com.br\/wp-content\/uploads\/2023\/10\/Congresso-da-Federaminas-traz-palestrantes-renomados-a-Araxa-pag-07-300x169.jpeg 300w, http:\/\/blogdoarmindomaia.com.br\/wp-content\/uploads\/2023\/10\/Congresso-da-Federaminas-traz-palestrantes-renomados-a-Araxa-pag-07-768x432.jpeg 768w, http:\/\/blogdoarmindomaia.com.br\/wp-content\/uploads\/2023\/10\/Congresso-da-Federaminas-traz-palestrantes-renomados-a-Araxa-pag-07.jpeg 1260w\" sizes=\"auto, (max-width: 1024px) 100vw, 1024px\" \/><\/figure>\n\n\n\n<figure class=\"wp-block-table\"><table><tbody><tr><td><em>Tem fotos&nbsp;<\/em> &nbsp; Come\u00e7ou nesta quinta feira em Arax\u00e1 a edi\u00e7\u00e3o do Congresso da Federaminas, sediado no Grande Hotel do Barreiro at\u00e9 domingo, dia 22 de outubro. O tradicional Congresso das Associa\u00e7\u00f5es Comerciais, acontece anualmente e re\u00fane presidentes, diretores e executivos das ACEs de todo o Estado, al\u00e9m de empres\u00e1rios e representantes de outras entidades de classe. As atividades do evento s\u00e3o formadas por palestras, treinamentos t\u00e9cnicos e debates que permitem uma intensa troca de experi\u00eancias entre as lideran\u00e7as e uma maior aproxima\u00e7\u00e3o dos empres\u00e1rios com o movimento associativista mineiro. Todos os anos, o congresso \u00e9 pautado por um tema e realizado em diferentes loca\u00e7\u00f5es em Minas Gerais, o \u00faltimo aconteceu em novembro de 2022, no Tau\u00e1 Caet\u00e9 com a tem\u00e1tica \u201cIdeias e Ideais\u201d. O evento contou com cerca de 500 participantes, que assistiram palestras de grandes nomes do meio empresarial. &nbsp; Neste ano, o Congresso da Federaminas desembarca em Arax\u00e1, com a tem\u00e1tica \u201cVivendo, Aprendendo e Desenvolvendo \u2013 Associativista, o desenvolvimento de Minas passa por aqui!\u201d&nbsp;Durante quatro dias (19 a 22\/10), a Federaminas promove uma s\u00e9rie de palestras, pain\u00e9is e um ambiente favor\u00e1vel para a troca de experi\u00eancias e amplia\u00e7\u00e3o do networking. &nbsp; O Grande Hotel e Termas de Arax\u00e1, local onde o congresso \u00e9 realizado, \u00e9 um atrativo \u00e0 parte. Patrim\u00f4nio cultural e hist\u00f3rico de Minas Gerais, o luxuoso hotel encanta pela sua arquitetura \u00fanica, os grandes sal\u00f5es, uma gastronomia requintada, al\u00e9m das termas, que oferecem uma jornada completa de sa\u00fade e bem-estar com piscinas aquecidas, banhos, hidromassagens e tratamentos faciais. \u201c\u00c9 uma experi\u00eancia que todos t\u00eam que viver. Um momento de aprendizado, associado \u00e0 alegria de estarmos entre amigos e com a fam\u00edlia\u201d, destaca Valmir.<\/td><\/tr><\/tbody><\/table><\/figure>\n\n\n\n<p>Um dos palestrantes mais festejados \u00e9 o empres\u00e1rio Felipe Titto. Ele \u00e9 s\u00f3cio de quinze empresas, dentre elas a Titanium Inc., especializada em agenciamento de talentos e marketing de influ\u00eancia. Participou da sexta temporada do Shark Tank, programa do canal&nbsp;fechado&nbsp;Sony. Ator, empres\u00e1rio e apresentador de TV, Felipe Titto entrou esta semana para o time de palestrantes do 25\u00ba Congresso da Federaminas e promete ser um dos destaques desta edi\u00e7\u00e3o. \u201c\u00c9, com certeza, um grande nome. Felipe Titto tem 36 anos e al\u00e9m de ator e apresentador, tamb\u00e9m \u00e9 empres\u00e1rio e possui franquia de grandes redes, al\u00e9m de ser s\u00f3cio de algumas marcas como Cabana Burger e Carne Co\u201d, comenta o presidente da Federaminas Valmir Rodrigues.<\/p>\n\n\n\n<p>Titto vai substituir na grade o empres\u00e1rio Jo\u00e3o Adib, da Cimed, que teve um imprevisto na agenda e precisou cancelar sua participa\u00e7\u00e3o em Arax\u00e1. Alista dos palestrantes confirmados tamb\u00e9m inclui nomes como&nbsp;<strong>Luiz Barsi Filho,&nbsp;<\/strong>conhecido como o\u201cRei da Bolsa de Valores\u201d;&nbsp;<strong>Jorge Gerdau,&nbsp;<\/strong>atual presidente do conselho de administra\u00e7\u00e3o de uma das maiores produtoras de a\u00e7o do mundo e um dos 100 l\u00edderes com a melhor reputa\u00e7\u00e3o do Brasil, segundo a Revista Exame;&nbsp;<strong>Jo\u00e3o Eduardo Villemor Amaral,&nbsp;<\/strong>fundador da Sustainable Mission Ventures, entidade portuguesa que trabalha no desenvolvimento de projetos sustent\u00e1veis;&nbsp;<strong>Camila Farani,&nbsp;<\/strong>presidente da G2 Capital e integrante doranking das 500 pessoas mais influentes da Am\u00e9rica Latina e&nbsp;<strong>Walter Longo,&nbsp;<\/strong>publicit\u00e1rio e administrador de empresasespecialista em Inova\u00e7\u00e3o e Transforma\u00e7\u00e3o Digital.<\/p>\n","protected":false},"excerpt":{"rendered":"<p>Tem fotos&nbsp; &nbsp; Come\u00e7ou nesta quinta feira em Arax\u00e1 a edi\u00e7\u00e3o do Congresso da Federaminas, sediado no Grande Hotel do<\/p>\n","protected":false},"author":2,"featured_media":6431,"comment_status":"open","ping_status":"open","sticky":false,"template":"","format":"standard","meta":{"footnotes":""},"categories":[9,11],"tags":[],"class_list":["post-6430","post","type-post","status-publish","format-standard","has-post-thumbnail","hentry","category-araxa","category-destaques"],"_links":{"self":[{"href":"http:\/\/blogdoarmindomaia.com.br\/index.php?rest_route=\/wp\/v2\/posts\/6430","targetHints":{"allow":["GET"]}}],"collection":[{"href":"http:\/\/blogdoarmindomaia.com.br\/index.php?rest_route=\/wp\/v2\/posts"}],"about":[{"href":"http:\/\/blogdoarmindomaia.com.br\/index.php?rest_route=\/wp\/v2\/types\/post"}],"author":[{"embeddable":true,"href":"http:\/\/blogdoarmindomaia.com.br\/index.php?rest_route=\/wp\/v2\/users\/2"}],"replies":[{"embeddable":true,"href":"http:\/\/blogdoarmindomaia.com.br\/index.php?rest_route=%2Fwp%2Fv2%2Fcomments&post=6430"}],"version-history":[{"count":1,"href":"http:\/\/blogdoarmindomaia.com.br\/index.php?rest_route=\/wp\/v2\/posts\/6430\/revisions"}],"predecessor-version":[{"id":6432,"href":"http:\/\/blogdoarmindomaia.com.br\/index.php?rest_route=\/wp\/v2\/posts\/6430\/revisions\/6432"}],"wp:featuredmedia":[{"embeddable":true,"href":"http:\/\/blogdoarmindomaia.com.br\/index.php?rest_route=\/wp\/v2\/media\/6431"}],"wp:attachment":[{"href":"http:\/\/blogdoarmindomaia.com.br\/index.php?rest_route=%2Fwp%2Fv2%2Fmedia&parent=6430"}],"wp:term":[{"taxonomy":"category","embeddable":true,"href":"http:\/\/blogdoarmindomaia.com.br\/index.php?rest_route=%2Fwp%2Fv2%2Fcategories&post=6430"},{"taxonomy":"post_tag","embeddable":true,"href":"http:\/\/blogdoarmindomaia.com.br\/index.php?rest_route=%2Fwp%2Fv2%2Ftags&post=6430"}],"curies":[{"name":"wp","href":"https:\/\/api.w.org\/{rel}","templated":true}]}}