{"id":6441,"date":"2023-10-23T14:43:52","date_gmt":"2023-10-23T17:43:52","guid":{"rendered":"http:\/\/blogdoarmindomaia.com.br\/?p=6441"},"modified":"2023-10-23T14:43:54","modified_gmt":"2023-10-23T17:43:54","slug":"tecelas-da-fccb-recebem-homenagem-especial","status":"publish","type":"post","link":"http:\/\/blogdoarmindomaia.com.br\/?p=6441","title":{"rendered":"Tecel\u00e3s da FCCB recebem homenagem especial"},"content":{"rendered":"\n<figure class=\"wp-block-image size-full is-style-default\"><img loading=\"lazy\" decoding=\"async\" width=\"1024\" height=\"682\" src=\"http:\/\/blogdoarmindomaia.com.br\/wp-content\/uploads\/2023\/10\/Tecelas-da-FCCB-recebem-homenagem-especial-pag-05.jpeg\" alt=\"\" class=\"wp-image-6442\" srcset=\"http:\/\/blogdoarmindomaia.com.br\/wp-content\/uploads\/2023\/10\/Tecelas-da-FCCB-recebem-homenagem-especial-pag-05.jpeg 1024w, http:\/\/blogdoarmindomaia.com.br\/wp-content\/uploads\/2023\/10\/Tecelas-da-FCCB-recebem-homenagem-especial-pag-05-300x200.jpeg 300w, http:\/\/blogdoarmindomaia.com.br\/wp-content\/uploads\/2023\/10\/Tecelas-da-FCCB-recebem-homenagem-especial-pag-05-768x512.jpeg 768w\" sizes=\"auto, (max-width: 1024px) 100vw, 1024px\" \/><\/figure>\n\n\n\n<p>Com o intuito de manter viva a tradi\u00e7\u00e3o da tecelagem e valorizar as pessoas que dedicaram suas vidas nesta profiss\u00e3o, a Funda\u00e7\u00e3o Cultural Calmon Barreto (FCCB) promoveu uma homenagem para 14 tecel\u00e3s que atuaram ou atuam no Ateli\u00ea de Tecelagem \u201cHermantina Drummond\u201d, nesta sexta-feira (20). O evento contou com a presen\u00e7a do prefeito de Arax\u00e1, Robson Magela.<br><br>Estiveram presentes ainda a presidente da FCCB, Cynthia Ver\u00e7osa, a coordenadora do Ateli\u00ea de Tecelagem, Adelina Menezes, familiares das tecel\u00e3s homenageadas, funcion\u00e1rios da FCCB e demais convidados.<br><br>Ap\u00f3s uma cerim\u00f4nia onde foi contada a hist\u00f3ria do of\u00edcio do tear mineiro em Arax\u00e1, as homenageadas receberam certificados como reconhecimento aos servi\u00e7os prestados \u00e0 funda\u00e7\u00e3o. A presidente Cynthia Ver\u00e7osa, destaca a import\u00e2ncia do momento.<br><br>&#8220;Homenageamos profissionais que fazem parte da hist\u00f3ria da Funda\u00e7\u00e3o Cultural Calmon Barreto e que s\u00e3o muito importantes para a preserva\u00e7\u00e3o e salvaguarda da tecelagem em Arax\u00e1. Algumas delas trabalharam no ateli\u00ea por mais de 30 anos. J\u00e1 outras ainda continuam aqui mantendo vivo este of\u00edcio. \u00c9 muito v\u00e1lido que elas tenham este reconhecimento&#8221;, ressalta.<br><br>Tecel\u00e3 h\u00e1 quase 30 anos, Maria do Carmo de Castro, carinhosamente conhecida como Carminha, fala da alegria em ter participado junto com as colegas de profiss\u00e3o de um momento t\u00e3o especial e marcante.<br><br>\u201cA palavra \u00e9 gratid\u00e3o! A nossa dedica\u00e7\u00e3o \u00e9 enorme, e ser reconhecida pela Administra\u00e7\u00e3o Municipal nos deixa ainda mais feliz. Sou tecel\u00e3 desde janeiro de 1995 e jamais esperava um reconhecimento como este. Vivemos um momento maravilhoso, passa um filme em nossa cabe\u00e7a ap\u00f3s tantos anos de trabalho e estou sem palavras para expressar o que eu senti, \u00e9 muito gratificante\u201d, afirma.<br><br>O prefeito Robson Magela, que participou da entrega dos certificados, destaca o trabalho das artes\u00e3s e o talento singular de cada uma.<br><br>\u201cCada uma das homenageadas realiza um papel extraordin\u00e1rio na sociedade atrav\u00e9s da arte, fazem parte da hist\u00f3ria de Arax\u00e1. Suas m\u00e3os podem ser sin\u00f4nimo de amor, aconchego e alegria, como vimos durante a homenagem. A valoriza\u00e7\u00e3o de cada uma, com certeza, \u00e9 mais que merecida\u201d, reitera.<br><br>Homenageadas<br><br>&#8211; Benedita Maria de Morais Ara\u00fajo<br>&#8211; Celina Aparecida Ferreira<br>&#8211; Irene Teodora dos Reis<br>&#8211; Marcelina Alves Fernandes<br>&#8211; Maria Aparecida de Castro<br>&#8211; Maria Auxiliadora Borges<br>&#8211; Maria do Carmo de Castro<br>&#8211; Maria Helena de Oliveira<br>&#8211; Maria Ivanilda Manoel<br>&#8211; Olivia Mara Borges<br>&#8211; Regina Maria Pereira<br>&#8211; Solange Aparecida Borges<br>&#8211; Sueli do Carmo Ferreira Silva<br>&#8211; Teresinha das Gra\u00e7as Ferreira Duarte<\/p>\n","protected":false},"excerpt":{"rendered":"<p>Com o intuito de manter viva a tradi\u00e7\u00e3o da tecelagem e valorizar as pessoas que dedicaram suas vidas nesta profiss\u00e3o,<\/p>\n","protected":false},"author":2,"featured_media":6442,"comment_status":"open","ping_status":"open","sticky":false,"template":"","format":"standard","meta":{"footnotes":""},"categories":[9,5,11],"tags":[],"class_list":["post-6441","post","type-post","status-publish","format-standard","has-post-thumbnail","hentry","category-araxa","category-arte-e-cultura","category-destaques"],"_links":{"self":[{"href":"http:\/\/blogdoarmindomaia.com.br\/index.php?rest_route=\/wp\/v2\/posts\/6441","targetHints":{"allow":["GET"]}}],"collection":[{"href":"http:\/\/blogdoarmindomaia.com.br\/index.php?rest_route=\/wp\/v2\/posts"}],"about":[{"href":"http:\/\/blogdoarmindomaia.com.br\/index.php?rest_route=\/wp\/v2\/types\/post"}],"author":[{"embeddable":true,"href":"http:\/\/blogdoarmindomaia.com.br\/index.php?rest_route=\/wp\/v2\/users\/2"}],"replies":[{"embeddable":true,"href":"http:\/\/blogdoarmindomaia.com.br\/index.php?rest_route=%2Fwp%2Fv2%2Fcomments&post=6441"}],"version-history":[{"count":1,"href":"http:\/\/blogdoarmindomaia.com.br\/index.php?rest_route=\/wp\/v2\/posts\/6441\/revisions"}],"predecessor-version":[{"id":6443,"href":"http:\/\/blogdoarmindomaia.com.br\/index.php?rest_route=\/wp\/v2\/posts\/6441\/revisions\/6443"}],"wp:featuredmedia":[{"embeddable":true,"href":"http:\/\/blogdoarmindomaia.com.br\/index.php?rest_route=\/wp\/v2\/media\/6442"}],"wp:attachment":[{"href":"http:\/\/blogdoarmindomaia.com.br\/index.php?rest_route=%2Fwp%2Fv2%2Fmedia&parent=6441"}],"wp:term":[{"taxonomy":"category","embeddable":true,"href":"http:\/\/blogdoarmindomaia.com.br\/index.php?rest_route=%2Fwp%2Fv2%2Fcategories&post=6441"},{"taxonomy":"post_tag","embeddable":true,"href":"http:\/\/blogdoarmindomaia.com.br\/index.php?rest_route=%2Fwp%2Fv2%2Ftags&post=6441"}],"curies":[{"name":"wp","href":"https:\/\/api.w.org\/{rel}","templated":true}]}}