{"id":6453,"date":"2023-10-26T14:24:36","date_gmt":"2023-10-26T17:24:36","guid":{"rendered":"http:\/\/blogdoarmindomaia.com.br\/?p=6453"},"modified":"2023-10-26T14:24:38","modified_gmt":"2023-10-26T17:24:38","slug":"uniaraxa-homenageia-ex-prefeito-toninho-e-professor-jose-augusto-montandon","status":"publish","type":"post","link":"http:\/\/blogdoarmindomaia.com.br\/?p=6453","title":{"rendered":"Uniarax\u00e1 homenageia ex-prefeito Toninho e professor Jos\u00e9 Augusto Montandon"},"content":{"rendered":"\n<figure class=\"wp-block-image size-large is-style-default\"><img loading=\"lazy\" decoding=\"async\" width=\"1024\" height=\"682\" src=\"http:\/\/blogdoarmindomaia.com.br\/wp-content\/uploads\/2023\/10\/Ex-prefeito-Antonio-Leonardo-Comenda-Uniaraxa-1024x682.jpg\" alt=\"\" class=\"wp-image-6454\" srcset=\"http:\/\/blogdoarmindomaia.com.br\/wp-content\/uploads\/2023\/10\/Ex-prefeito-Antonio-Leonardo-Comenda-Uniaraxa-1024x682.jpg 1024w, http:\/\/blogdoarmindomaia.com.br\/wp-content\/uploads\/2023\/10\/Ex-prefeito-Antonio-Leonardo-Comenda-Uniaraxa-300x200.jpg 300w, http:\/\/blogdoarmindomaia.com.br\/wp-content\/uploads\/2023\/10\/Ex-prefeito-Antonio-Leonardo-Comenda-Uniaraxa-768x512.jpg 768w, http:\/\/blogdoarmindomaia.com.br\/wp-content\/uploads\/2023\/10\/Ex-prefeito-Antonio-Leonardo-Comenda-Uniaraxa-1536x1023.jpg 1536w, http:\/\/blogdoarmindomaia.com.br\/wp-content\/uploads\/2023\/10\/Ex-prefeito-Antonio-Leonardo-Comenda-Uniaraxa.jpg 1600w\" sizes=\"auto, (max-width: 1024px) 100vw, 1024px\" \/><\/figure>\n\n\n\n<figure class=\"wp-block-image size-large is-style-default\"><img loading=\"lazy\" decoding=\"async\" width=\"1024\" height=\"682\" src=\"http:\/\/blogdoarmindomaia.com.br\/wp-content\/uploads\/2023\/10\/Professor-Jose-Augusto-Montandon-Merito-Educacional-1024x682.jpg\" alt=\"\" class=\"wp-image-6455\" srcset=\"http:\/\/blogdoarmindomaia.com.br\/wp-content\/uploads\/2023\/10\/Professor-Jose-Augusto-Montandon-Merito-Educacional-1024x682.jpg 1024w, http:\/\/blogdoarmindomaia.com.br\/wp-content\/uploads\/2023\/10\/Professor-Jose-Augusto-Montandon-Merito-Educacional-300x200.jpg 300w, http:\/\/blogdoarmindomaia.com.br\/wp-content\/uploads\/2023\/10\/Professor-Jose-Augusto-Montandon-Merito-Educacional-768x512.jpg 768w, http:\/\/blogdoarmindomaia.com.br\/wp-content\/uploads\/2023\/10\/Professor-Jose-Augusto-Montandon-Merito-Educacional-1536x1023.jpg 1536w, http:\/\/blogdoarmindomaia.com.br\/wp-content\/uploads\/2023\/10\/Professor-Jose-Augusto-Montandon-Merito-Educacional.jpg 1600w\" sizes=\"auto, (max-width: 1024px) 100vw, 1024px\" \/><\/figure>\n\n\n\n<figure class=\"wp-block-image size-full is-style-default\"><img loading=\"lazy\" decoding=\"async\" width=\"848\" height=\"480\" src=\"http:\/\/blogdoarmindomaia.com.br\/wp-content\/uploads\/2023\/10\/WhatsApp-Image-2023-10-26-at-13.50.31.jpeg\" alt=\"\" class=\"wp-image-6456\" srcset=\"http:\/\/blogdoarmindomaia.com.br\/wp-content\/uploads\/2023\/10\/WhatsApp-Image-2023-10-26-at-13.50.31.jpeg 848w, http:\/\/blogdoarmindomaia.com.br\/wp-content\/uploads\/2023\/10\/WhatsApp-Image-2023-10-26-at-13.50.31-300x170.jpeg 300w, http:\/\/blogdoarmindomaia.com.br\/wp-content\/uploads\/2023\/10\/WhatsApp-Image-2023-10-26-at-13.50.31-768x435.jpeg 768w\" sizes=\"auto, (max-width: 848px) 100vw, 848px\" \/><\/figure>\n\n\n\n<p>A Comenda Uniarax\u00e1 e o M\u00e9rito Educacional, s\u00e3o homenagens especiais ofertadas pelo Centro Universit\u00e1rio de Arax\u00e1, \u00e0 pessoas que contribu\u00edram para a\u00e7\u00f5es e incentivos \u00e0 educa\u00e7\u00e3o ao longo dos 50 anos do Uniarax\u00e1. O evento aconteceu na noite da \u00faltima quarta feira, no Teatro CBMM, no Centro Cultural do Uniarax\u00e1. Foram homenageados, o ex-prefeito de Arax\u00e1 Ant\u00f4nio Leonardo Lemos Oliveira com a Comenda Uniarax\u00e1 e o professor Jos\u00e9 Augusto Montandon Neto com o M\u00e9rito Educacional.&nbsp; Para o Reitor, professor Jos\u00e9 Oscar de Melo, \u201c essa comenda \u00e9 uma forma de reconhecer e valorizar pessoas que tanto contribu\u00edram para a educa\u00e7\u00e3o em nossa institui\u00e7\u00e3o\u201d.&nbsp; O Presidente da Funda\u00e7\u00e3o Cultural de Arax\u00e1, professor Fabr\u00edcio Borges disse que, \u201c esse evento culmina com a hist\u00f3ria do Uniarax\u00e1 e com a hist\u00f3ria de pessoas que por aqui passaram e deixaram o seu legado\u201d.<\/p>\n\n\n\n<p>O professor Jos\u00e9 Augusto Montandon Neto que trabalhou durante 25 anos no Uniarax\u00e1, recebeu&nbsp; o M\u00e9rito Educacional. Emocionado ele disse que, \u201c para mim \u00e9 muito emocionante receber essa homenagem.&nbsp; Eu fiquei muito&nbsp; feliz, pois o que eu gostava mesmo era estar em sala de aula\u201d.<\/p>\n\n\n\n<p>O ex-prefeito de Arax\u00e1 Ant\u00f4nio Leonardo, recebeu a Comenda Uniarax\u00e1. Toninho disse que, \u201c\u00e9 uma responsabilidade&nbsp; muito grande. O Uniarax\u00e1, tem maias de 50 anos de hist\u00f3ria e que a gente pensa em quantas pessoas passaram por aqui e colocaram um tijolo nessa importante obra que \u00e9 a educa\u00e7\u00e3o\u201d.<\/p>\n\n\n\n<p>Durante o evento houve uma apresenta\u00e7\u00e3o de dan\u00e7a da Escola&nbsp; Balleto, com a coreografia: Brincantes, que foi premiada em 1\u00ba Lugar no Festival Competitivo de Dan\u00e7a Movimento Tri\u00e2ngulo ocorrido no dia 22\/10\/23 em Uberaba.&nbsp; E uma palestra com Rafael Esterlino da 8 M\u00eddias que destacou &nbsp;a Complexidade entre Aten\u00e7\u00e3o e Intelig\u00eancia Artificial .<\/p>\n","protected":false},"excerpt":{"rendered":"<p>A Comenda Uniarax\u00e1 e o M\u00e9rito Educacional, s\u00e3o homenagens especiais ofertadas pelo Centro Universit\u00e1rio de Arax\u00e1, \u00e0 pessoas que contribu\u00edram<\/p>\n","protected":false},"author":2,"featured_media":6454,"comment_status":"open","ping_status":"open","sticky":false,"template":"","format":"standard","meta":{"footnotes":""},"categories":[9,11],"tags":[],"class_list":["post-6453","post","type-post","status-publish","format-standard","has-post-thumbnail","hentry","category-araxa","category-destaques"],"_links":{"self":[{"href":"http:\/\/blogdoarmindomaia.com.br\/index.php?rest_route=\/wp\/v2\/posts\/6453","targetHints":{"allow":["GET"]}}],"collection":[{"href":"http:\/\/blogdoarmindomaia.com.br\/index.php?rest_route=\/wp\/v2\/posts"}],"about":[{"href":"http:\/\/blogdoarmindomaia.com.br\/index.php?rest_route=\/wp\/v2\/types\/post"}],"author":[{"embeddable":true,"href":"http:\/\/blogdoarmindomaia.com.br\/index.php?rest_route=\/wp\/v2\/users\/2"}],"replies":[{"embeddable":true,"href":"http:\/\/blogdoarmindomaia.com.br\/index.php?rest_route=%2Fwp%2Fv2%2Fcomments&post=6453"}],"version-history":[{"count":1,"href":"http:\/\/blogdoarmindomaia.com.br\/index.php?rest_route=\/wp\/v2\/posts\/6453\/revisions"}],"predecessor-version":[{"id":6457,"href":"http:\/\/blogdoarmindomaia.com.br\/index.php?rest_route=\/wp\/v2\/posts\/6453\/revisions\/6457"}],"wp:featuredmedia":[{"embeddable":true,"href":"http:\/\/blogdoarmindomaia.com.br\/index.php?rest_route=\/wp\/v2\/media\/6454"}],"wp:attachment":[{"href":"http:\/\/blogdoarmindomaia.com.br\/index.php?rest_route=%2Fwp%2Fv2%2Fmedia&parent=6453"}],"wp:term":[{"taxonomy":"category","embeddable":true,"href":"http:\/\/blogdoarmindomaia.com.br\/index.php?rest_route=%2Fwp%2Fv2%2Fcategories&post=6453"},{"taxonomy":"post_tag","embeddable":true,"href":"http:\/\/blogdoarmindomaia.com.br\/index.php?rest_route=%2Fwp%2Fv2%2Ftags&post=6453"}],"curies":[{"name":"wp","href":"https:\/\/api.w.org\/{rel}","templated":true}]}}