{"id":6458,"date":"2023-10-26T15:20:32","date_gmt":"2023-10-26T18:20:32","guid":{"rendered":"http:\/\/blogdoarmindomaia.com.br\/?p=6458"},"modified":"2023-10-26T15:20:35","modified_gmt":"2023-10-26T18:20:35","slug":"aberto-o-cadastro-escolar-2024-para-o-ensino-fundamental-e-medio-de-escolas-publicas","status":"publish","type":"post","link":"http:\/\/blogdoarmindomaia.com.br\/?p=6458","title":{"rendered":"Aberto o Cadastro Escolar 2024 para o Ensino Fundamental e M\u00e9dio de escolas p\u00fablicas"},"content":{"rendered":"\n<figure class=\"wp-block-image size-full is-style-default\"><img loading=\"lazy\" decoding=\"async\" width=\"800\" height=\"389\" src=\"http:\/\/blogdoarmindomaia.com.br\/wp-content\/uploads\/2023\/10\/Aberto-o-Cadastro-Escolar-2024-para-o-Ensino-Fundamental-e-Medio-pag-03.jpeg\" alt=\"\" class=\"wp-image-6459\" srcset=\"http:\/\/blogdoarmindomaia.com.br\/wp-content\/uploads\/2023\/10\/Aberto-o-Cadastro-Escolar-2024-para-o-Ensino-Fundamental-e-Medio-pag-03.jpeg 800w, http:\/\/blogdoarmindomaia.com.br\/wp-content\/uploads\/2023\/10\/Aberto-o-Cadastro-Escolar-2024-para-o-Ensino-Fundamental-e-Medio-pag-03-300x146.jpeg 300w, http:\/\/blogdoarmindomaia.com.br\/wp-content\/uploads\/2023\/10\/Aberto-o-Cadastro-Escolar-2024-para-o-Ensino-Fundamental-e-Medio-pag-03-768x373.jpeg 768w\" sizes=\"auto, (max-width: 800px) 100vw, 800px\" \/><\/figure>\n\n\n\n<p>A Secretaria Municipal de Educa\u00e7\u00e3o informa que o Sistema \u00danico de Cadastro e Encaminhamento para Matr\u00edcula (Sucem) est\u00e1 com inscri\u00e7\u00f5es abertas at\u00e9 o dia 6 de novembro, pr\u00f3xima segunda-feira.<br><br>O cadastro \u00e9 destinado:<br><br>&#8211; Aos estudantes matriculados na Rede Particular que t\u00eam a inten\u00e7\u00e3o de ingressar na Rede Estadual ou Municipal de Ensino;<br><br>&#8211; Aos alunos que est\u00e3o cursando o 5\u00ba ou 9\u00ba ano do Ensino Fundamental, mas a Unidade de Ensino n\u00e3o ofertar\u00e1 em 2024 o ano de escolaridade seguinte;<br><br>&#8211; E para quem n\u00e3o se encontra matriculado neste ano, mas pretende retomar os estudos em 2024.<br><br>Os interessados devem preencher o cadastro no site (&nbsp;<a href=\"http:\/\/www.cadastroescolar.educacao.mg.gov.br\/\" target=\"_blank\" rel=\"noreferrer noopener\">www.cadastroescolar.educacao.mg.gov.br<\/a>&nbsp;). O resultado e encaminhamentos dos estudantes para a matr\u00edcula est\u00e1 previsto para o dia 5 de dezembro.<br><br>Mais informa\u00e7\u00f5es pelo telefone (34) 3669-9351 ou na sede da Secretaria Municipal de Educa\u00e7\u00e3o (av. Ros\u00e1lia Isaura de Ara\u00fajo, 275, no Centro Administrativo).<\/p>\n","protected":false},"excerpt":{"rendered":"<p>A Secretaria Municipal de Educa\u00e7\u00e3o informa que o Sistema \u00danico de Cadastro e Encaminhamento para Matr\u00edcula (Sucem) est\u00e1 com inscri\u00e7\u00f5es<\/p>\n","protected":false},"author":2,"featured_media":6459,"comment_status":"open","ping_status":"open","sticky":false,"template":"","format":"standard","meta":{"footnotes":""},"categories":[9,11,13],"tags":[],"class_list":["post-6458","post","type-post","status-publish","format-standard","has-post-thumbnail","hentry","category-araxa","category-destaques","category-educacao"],"_links":{"self":[{"href":"http:\/\/blogdoarmindomaia.com.br\/index.php?rest_route=\/wp\/v2\/posts\/6458","targetHints":{"allow":["GET"]}}],"collection":[{"href":"http:\/\/blogdoarmindomaia.com.br\/index.php?rest_route=\/wp\/v2\/posts"}],"about":[{"href":"http:\/\/blogdoarmindomaia.com.br\/index.php?rest_route=\/wp\/v2\/types\/post"}],"author":[{"embeddable":true,"href":"http:\/\/blogdoarmindomaia.com.br\/index.php?rest_route=\/wp\/v2\/users\/2"}],"replies":[{"embeddable":true,"href":"http:\/\/blogdoarmindomaia.com.br\/index.php?rest_route=%2Fwp%2Fv2%2Fcomments&post=6458"}],"version-history":[{"count":1,"href":"http:\/\/blogdoarmindomaia.com.br\/index.php?rest_route=\/wp\/v2\/posts\/6458\/revisions"}],"predecessor-version":[{"id":6460,"href":"http:\/\/blogdoarmindomaia.com.br\/index.php?rest_route=\/wp\/v2\/posts\/6458\/revisions\/6460"}],"wp:featuredmedia":[{"embeddable":true,"href":"http:\/\/blogdoarmindomaia.com.br\/index.php?rest_route=\/wp\/v2\/media\/6459"}],"wp:attachment":[{"href":"http:\/\/blogdoarmindomaia.com.br\/index.php?rest_route=%2Fwp%2Fv2%2Fmedia&parent=6458"}],"wp:term":[{"taxonomy":"category","embeddable":true,"href":"http:\/\/blogdoarmindomaia.com.br\/index.php?rest_route=%2Fwp%2Fv2%2Fcategories&post=6458"},{"taxonomy":"post_tag","embeddable":true,"href":"http:\/\/blogdoarmindomaia.com.br\/index.php?rest_route=%2Fwp%2Fv2%2Ftags&post=6458"}],"curies":[{"name":"wp","href":"https:\/\/api.w.org\/{rel}","templated":true}]}}