{"id":646,"date":"2022-05-04T23:04:50","date_gmt":"2022-05-05T02:04:50","guid":{"rendered":"http:\/\/blogdoarmindomaia.com.br\/?p=646"},"modified":"2022-05-04T23:04:52","modified_gmt":"2022-05-05T02:04:52","slug":"prefeitura-de-araxa-inclui-informatica-na-grade-curricular-da-educacao-de-jovens-de-adultos%ef%bf%bc","status":"publish","type":"post","link":"http:\/\/blogdoarmindomaia.com.br\/?p=646","title":{"rendered":"Prefeitura de Arax\u00e1 inclui inform\u00e1tica na grade curricular da Educa\u00e7\u00e3o de Jovens de Adultos\ufffc"},"content":{"rendered":"\n<figure class=\"wp-block-image size-full is-style-default\"><img loading=\"lazy\" decoding=\"async\" width=\"1024\" height=\"683\" src=\"http:\/\/blogdoarmindomaia.com.br\/wp-content\/uploads\/2022\/05\/Informatica-EJA-2.jpeg\" alt=\"\" class=\"wp-image-648\" srcset=\"http:\/\/blogdoarmindomaia.com.br\/wp-content\/uploads\/2022\/05\/Informatica-EJA-2.jpeg 1024w, http:\/\/blogdoarmindomaia.com.br\/wp-content\/uploads\/2022\/05\/Informatica-EJA-2-300x200.jpeg 300w, http:\/\/blogdoarmindomaia.com.br\/wp-content\/uploads\/2022\/05\/Informatica-EJA-2-768x512.jpeg 768w\" sizes=\"auto, (max-width: 1024px) 100vw, 1024px\" \/><\/figure>\n\n\n\n<figure class=\"wp-block-image size-full is-style-default\"><img loading=\"lazy\" decoding=\"async\" width=\"1024\" height=\"683\" src=\"http:\/\/blogdoarmindomaia.com.br\/wp-content\/uploads\/2022\/05\/Informatica-EJA-4.jpeg\" alt=\"\" class=\"wp-image-647\" srcset=\"http:\/\/blogdoarmindomaia.com.br\/wp-content\/uploads\/2022\/05\/Informatica-EJA-4.jpeg 1024w, http:\/\/blogdoarmindomaia.com.br\/wp-content\/uploads\/2022\/05\/Informatica-EJA-4-300x200.jpeg 300w, http:\/\/blogdoarmindomaia.com.br\/wp-content\/uploads\/2022\/05\/Informatica-EJA-4-768x512.jpeg 768w\" sizes=\"auto, (max-width: 1024px) 100vw, 1024px\" \/><\/figure>\n\n\n\n<p>Estimular a independ\u00eancia dos alunos trabalhando ferramentas tecnol\u00f3gicas dentro da sua realidade. Com esse objetivo, a Prefeitura de Arax\u00e1 implantou laborat\u00f3rios de inform\u00e1tica na grade curricular dos anos iniciais da Educa\u00e7\u00e3o de Jovens e Adultos (EJA).<\/p>\n\n\n\n<p>As aulas acontecem uma vez por semana em todas as seis escolas que oferecem a EJA. \u201cS\u00e3o pessoas que est\u00e3o no processo de alfabetiza\u00e7\u00e3o, sendo a maioria idosos. Dessa forma, a gente promove n\u00e3o s\u00f3 a alfabetiza\u00e7\u00e3o do ponto de vista do conhecimento da l\u00edngua, como tamb\u00e9m da tecnologia\u201d, explica a coordenadora da EJA, Selma Maria de Oliveira.<\/p>\n\n\n\n<p>Ela explica que muitos desses alunos dos anos iniciais sequer tiveram contato com um computador, encontrando dificuldade at\u00e9 mesmo em fazer uso de um caixa eletr\u00f4nico ou do pr\u00f3prio aplicativo de celular de envio de mensagens instant\u00e2neas.<\/p>\n\n\n\n<p>\u201cA iniciativa busca incluir a pessoa em processo de alfabetiza\u00e7\u00e3o \u00e0 tecnologia digital, com aulas que apresentam a interface do computador, editor de textos, armazenamento e transfer\u00eancia de arquivos, navega\u00e7\u00e3o na internet, recebimento de e-mails e uso de aplicativos de forma a criar mais intimidade entre o aluno e a tecnologia\u201d, conclui.<\/p>\n\n\n\n<p>&#8212;<\/p>\n","protected":false},"excerpt":{"rendered":"<p>Estimular a independ\u00eancia dos alunos trabalhando ferramentas tecnol\u00f3gicas dentro da sua realidade. Com esse objetivo, a Prefeitura de Arax\u00e1 implantou<\/p>\n","protected":false},"author":2,"featured_media":648,"comment_status":"open","ping_status":"open","sticky":false,"template":"","format":"standard","meta":{"footnotes":""},"categories":[9,13],"tags":[],"class_list":["post-646","post","type-post","status-publish","format-standard","has-post-thumbnail","hentry","category-araxa","category-educacao"],"_links":{"self":[{"href":"http:\/\/blogdoarmindomaia.com.br\/index.php?rest_route=\/wp\/v2\/posts\/646","targetHints":{"allow":["GET"]}}],"collection":[{"href":"http:\/\/blogdoarmindomaia.com.br\/index.php?rest_route=\/wp\/v2\/posts"}],"about":[{"href":"http:\/\/blogdoarmindomaia.com.br\/index.php?rest_route=\/wp\/v2\/types\/post"}],"author":[{"embeddable":true,"href":"http:\/\/blogdoarmindomaia.com.br\/index.php?rest_route=\/wp\/v2\/users\/2"}],"replies":[{"embeddable":true,"href":"http:\/\/blogdoarmindomaia.com.br\/index.php?rest_route=%2Fwp%2Fv2%2Fcomments&post=646"}],"version-history":[{"count":1,"href":"http:\/\/blogdoarmindomaia.com.br\/index.php?rest_route=\/wp\/v2\/posts\/646\/revisions"}],"predecessor-version":[{"id":649,"href":"http:\/\/blogdoarmindomaia.com.br\/index.php?rest_route=\/wp\/v2\/posts\/646\/revisions\/649"}],"wp:featuredmedia":[{"embeddable":true,"href":"http:\/\/blogdoarmindomaia.com.br\/index.php?rest_route=\/wp\/v2\/media\/648"}],"wp:attachment":[{"href":"http:\/\/blogdoarmindomaia.com.br\/index.php?rest_route=%2Fwp%2Fv2%2Fmedia&parent=646"}],"wp:term":[{"taxonomy":"category","embeddable":true,"href":"http:\/\/blogdoarmindomaia.com.br\/index.php?rest_route=%2Fwp%2Fv2%2Fcategories&post=646"},{"taxonomy":"post_tag","embeddable":true,"href":"http:\/\/blogdoarmindomaia.com.br\/index.php?rest_route=%2Fwp%2Fv2%2Ftags&post=646"}],"curies":[{"name":"wp","href":"https:\/\/api.w.org\/{rel}","templated":true}]}}