{"id":6464,"date":"2023-10-26T15:29:43","date_gmt":"2023-10-26T18:29:43","guid":{"rendered":"http:\/\/blogdoarmindomaia.com.br\/?p=6464"},"modified":"2023-10-26T15:29:46","modified_gmt":"2023-10-26T18:29:46","slug":"araxa-amplia-incentivo-ao-turismo-e-a-economia-com-novas-rotas-aereas","status":"publish","type":"post","link":"http:\/\/blogdoarmindomaia.com.br\/?p=6464","title":{"rendered":"Arax\u00e1 amplia incentivo ao turismo e \u00e0 economia com novas rotas a\u00e9reas"},"content":{"rendered":"\n<figure class=\"wp-block-image size-full is-style-default\"><img loading=\"lazy\" decoding=\"async\" width=\"1024\" height=\"683\" src=\"http:\/\/blogdoarmindomaia.com.br\/wp-content\/uploads\/2023\/10\/Araxa-amplia-incentivo-ao-turismo-e-a-economia-com-novas-rotas-aereas-pag-07.jpeg\" alt=\"\" class=\"wp-image-6465\" srcset=\"http:\/\/blogdoarmindomaia.com.br\/wp-content\/uploads\/2023\/10\/Araxa-amplia-incentivo-ao-turismo-e-a-economia-com-novas-rotas-aereas-pag-07.jpeg 1024w, http:\/\/blogdoarmindomaia.com.br\/wp-content\/uploads\/2023\/10\/Araxa-amplia-incentivo-ao-turismo-e-a-economia-com-novas-rotas-aereas-pag-07-300x200.jpeg 300w, http:\/\/blogdoarmindomaia.com.br\/wp-content\/uploads\/2023\/10\/Araxa-amplia-incentivo-ao-turismo-e-a-economia-com-novas-rotas-aereas-pag-07-768x512.jpeg 768w\" sizes=\"auto, (max-width: 1024px) 100vw, 1024px\" \/><\/figure>\n\n\n\n<p>Mais desenvolvimento econ\u00f4mico e turismo para Arax\u00e1. O Aeroporto Municipal Romeu Zema vai ter a rota para Belo Horizonte atualizada com avi\u00e3o de maior porte, e foi anunciada uma nova rota direta para Guarulhos (SP). As opera\u00e7\u00f5es s\u00e3o feitas pela Azul Linhas A\u00e9reas.<br><br>A partir de dezembro, ser\u00e1 iniciada uma opera\u00e7\u00e3o com voo para Belo Horizonte, com conex\u00e3o em Uberaba (MG).&nbsp; E em janeiro de 2024, o munic\u00edpio ganha voo direto para o aeroporto de Guarulhos (SP).<br><br>Os voos de Arax\u00e1 a Belo Horizonte, que atualmente s\u00e3o realizados com o avi\u00e3o Cessna Grand Caravan de nove assentos, passarr\u00e3o a contar com o ATR-72 de 60 lugares a partir de dezembro.<br><br>J\u00e1 em janeiro, ser\u00e1 inaugurada a rota para Guarulhos (SP) com avi\u00e3o a jato da Embraer com 108 assentos, com voos de ida e volta \u00e0s segundas e sextas-feiras, com o objetivo de fomentar o turismo na cidade. O aeroporto j\u00e1 est\u00e1 passando por adequa\u00e7\u00f5es para receber aeronave desse porte.<br><br>O prefeito Robson Magela destaca que antes de ser revitalizado o Aeroporto Municipal estava em estado de abandono e com diversos problemas estruturais.<br><br>O local foi totalmente revitalizado pela Administra\u00e7\u00e3o Municipal com readequa\u00e7\u00f5es de ambientes, reparos el\u00e9tricos e hidr\u00e1ulicos, substitui\u00e7\u00e3o de revestimentos, reforma de sanit\u00e1rios, pintura geral e troca do telhado. Ao todo, foram investidos R$ 864.372,94. A reinaugura\u00e7\u00e3o aconteceu em 19 de novembro de 2022.<br><br>\u201cA Administra\u00e7\u00e3o Municipal investiu recursos pr\u00f3prios na reforma geral do aeroporto, com o objetivo de fomentar o turismo e os neg\u00f3cios em nosso munic\u00edpio. Ficamos muito felizes em ver que a cidade ganhou novas rotas a\u00e9reas que v\u00e3o possibilitar deslocamentos mais r\u00e1pidos e mais conforto para os passageiros\u201d, acrescenta o prefeito.<br><br>De acordo com o secret\u00e1rio municipal de Seguran\u00e7a P\u00fablica, Daniel Rosa, o Aeroporto Municipal est\u00e1 se adequando para atender a demanda das novas aeronaves em conformidade com as normas e regulamentos da Ag\u00eancia Nacional de Avia\u00e7\u00e3o Civil (Anac) e do Departamento de Controle do Espa\u00e7o A\u00e9reo (Decea).<br><br>\u201cUma das principais a\u00e7\u00f5es para atender os requisitos dos referidos \u00f3rg\u00e3os reguladores \u00e9 a sinaliza\u00e7\u00e3o do p\u00e1tio de aeronaves, implanta\u00e7\u00e3o de equipamento de aux\u00edlio visual \u00e0 navega\u00e7\u00e3o a\u00e9rea e tamb\u00e9m est\u00e1 sendo elaborado um Programa de Seguran\u00e7a Aeroportu\u00e1ria (PSA) para os servi\u00e7os de inspe\u00e7\u00e3o de passageiros e bagagens no aeroporto\u201d, explica.<br><br>O secret\u00e1rio municipal de Desenvolvimento Econ\u00f4mico, Inova\u00e7\u00e3o e Turismo, Juliano Cesar da Silva, ressalta que a iniciativa insere a cidade no mapa do desenvolvimento, atrai novos investimentos e impulsiona os j\u00e1 existentes.<br><br>\u201cAs novas rotas a\u00e9reas colaboram para um ambiente favor\u00e1vel, gerando ainda mais prosperidade e qualidade de vida aos araxaenses. Al\u00e9m disso, \u00e9 um passo importante tamb\u00e9m para o fomento do turismo e neg\u00f3cios, sendo que o os novos voos conectar\u00e3o Arax\u00e1 a S\u00e3o Paulo\u201d, conclui.<br><\/p>\n","protected":false},"excerpt":{"rendered":"<p>Mais desenvolvimento econ\u00f4mico e turismo para Arax\u00e1. O Aeroporto Municipal Romeu Zema vai ter a rota para Belo Horizonte atualizada<\/p>\n","protected":false},"author":2,"featured_media":6465,"comment_status":"open","ping_status":"open","sticky":false,"template":"","format":"standard","meta":{"footnotes":""},"categories":[9,11],"tags":[],"class_list":["post-6464","post","type-post","status-publish","format-standard","has-post-thumbnail","hentry","category-araxa","category-destaques"],"_links":{"self":[{"href":"http:\/\/blogdoarmindomaia.com.br\/index.php?rest_route=\/wp\/v2\/posts\/6464","targetHints":{"allow":["GET"]}}],"collection":[{"href":"http:\/\/blogdoarmindomaia.com.br\/index.php?rest_route=\/wp\/v2\/posts"}],"about":[{"href":"http:\/\/blogdoarmindomaia.com.br\/index.php?rest_route=\/wp\/v2\/types\/post"}],"author":[{"embeddable":true,"href":"http:\/\/blogdoarmindomaia.com.br\/index.php?rest_route=\/wp\/v2\/users\/2"}],"replies":[{"embeddable":true,"href":"http:\/\/blogdoarmindomaia.com.br\/index.php?rest_route=%2Fwp%2Fv2%2Fcomments&post=6464"}],"version-history":[{"count":1,"href":"http:\/\/blogdoarmindomaia.com.br\/index.php?rest_route=\/wp\/v2\/posts\/6464\/revisions"}],"predecessor-version":[{"id":6466,"href":"http:\/\/blogdoarmindomaia.com.br\/index.php?rest_route=\/wp\/v2\/posts\/6464\/revisions\/6466"}],"wp:featuredmedia":[{"embeddable":true,"href":"http:\/\/blogdoarmindomaia.com.br\/index.php?rest_route=\/wp\/v2\/media\/6465"}],"wp:attachment":[{"href":"http:\/\/blogdoarmindomaia.com.br\/index.php?rest_route=%2Fwp%2Fv2%2Fmedia&parent=6464"}],"wp:term":[{"taxonomy":"category","embeddable":true,"href":"http:\/\/blogdoarmindomaia.com.br\/index.php?rest_route=%2Fwp%2Fv2%2Fcategories&post=6464"},{"taxonomy":"post_tag","embeddable":true,"href":"http:\/\/blogdoarmindomaia.com.br\/index.php?rest_route=%2Fwp%2Fv2%2Ftags&post=6464"}],"curies":[{"name":"wp","href":"https:\/\/api.w.org\/{rel}","templated":true}]}}