{"id":6473,"date":"2023-10-30T15:47:20","date_gmt":"2023-10-30T18:47:20","guid":{"rendered":"http:\/\/blogdoarmindomaia.com.br\/?p=6473"},"modified":"2023-10-30T15:47:23","modified_gmt":"2023-10-30T18:47:23","slug":"rafael-esterlino-da-8-midias-destaca-a-complexidade-entre-atencao-e-inteligencia-artificial-em-palestra-no-teatro-cbmm","status":"publish","type":"post","link":"http:\/\/blogdoarmindomaia.com.br\/?p=6473","title":{"rendered":"Rafael Esterlino da 8 M\u00eddias destaca\u00a0 a Complexidade entre Aten\u00e7\u00e3o e Intelig\u00eancia Artificial em palestra no Teatro CBMM"},"content":{"rendered":"\n<figure class=\"wp-block-image size-large is-style-default\"><img loading=\"lazy\" decoding=\"async\" width=\"1024\" height=\"794\" src=\"http:\/\/blogdoarmindomaia.com.br\/wp-content\/uploads\/2023\/10\/Rafael-Esterlino-da-8-Midias-destaca-1024x794.jpg\" alt=\"\" class=\"wp-image-6474\" srcset=\"http:\/\/blogdoarmindomaia.com.br\/wp-content\/uploads\/2023\/10\/Rafael-Esterlino-da-8-Midias-destaca-1024x794.jpg 1024w, http:\/\/blogdoarmindomaia.com.br\/wp-content\/uploads\/2023\/10\/Rafael-Esterlino-da-8-Midias-destaca-300x233.jpg 300w, http:\/\/blogdoarmindomaia.com.br\/wp-content\/uploads\/2023\/10\/Rafael-Esterlino-da-8-Midias-destaca-768x596.jpg 768w, http:\/\/blogdoarmindomaia.com.br\/wp-content\/uploads\/2023\/10\/Rafael-Esterlino-da-8-Midias-destaca.jpg 1200w\" sizes=\"auto, (max-width: 1024px) 100vw, 1024px\" \/><\/figure>\n\n\n\n<p>No renomado Teatro CBMM, em Uniarax\u00e1, Rafael Esterlino, diretor executivo da&nbsp; 8 M\u00eddias, conquistou a aten\u00e7\u00e3o da plateia ao mergulhar na profunda rela\u00e7\u00e3o entre a Intelig\u00eancia Artificial (IA) e o mundo digital. Sua palestra, intitulada \u201cA Moeda da Aten\u00e7\u00e3o\u201d, elucidou como as plataformas sociais t\u00eam se valido da IA para personalizar as experi\u00eancias e intera\u00e7\u00f5es dos usu\u00e1rios.<\/p>\n\n\n\n<p>Rafael abriu a palestra com uma reflex\u00e3o impactante sobre o constante \u201cleil\u00e3o\u201d pela aten\u00e7\u00e3o do usu\u00e1rio na era digital. Durante sua apresenta\u00e7\u00e3o, ele evidenciou a presen\u00e7a quase impercept\u00edvel, mas onipotente, da IA nas redes sociais muito antes da ascens\u00e3o de modelos como o GPT.<\/p>\n\n\n\n<p>Combinando informa\u00e7\u00f5es, exemplos visuais e curiosidades, Rafael destacou as preocupa\u00e7\u00f5es crescentes sobre a privacidade e o bem-estar dos usu\u00e1rios. Um dos momentos mais comentados foi a exibi\u00e7\u00e3o de memes e v\u00eddeos virais, ilustrando com humor as situa\u00e7\u00f5es em que os dispositivos parecem \u201cadivinhar\u201d nossos pensamentos.<\/p>\n\n\n\n<p>No entanto, Rafael n\u00e3o se limitou a identificar problemas. Ele tamb\u00e9m ofereceu dicas pr\u00e1ticas para uma intera\u00e7\u00e3o digital mais consciente, enfatizando que cada pessoa tem o poder de controlar sua pr\u00f3pria vida digital.<\/p>\n\n\n\n<p>A sess\u00e3o finalizou com perguntas provocativas, incentivando o p\u00fablico a ponderar sobre a urg\u00eancia de regulamentar as gigantes da tecnologia e o profundo impacto das redes sociais na sa\u00fade mental.<\/p>\n","protected":false},"excerpt":{"rendered":"<p>No renomado Teatro CBMM, em Uniarax\u00e1, Rafael Esterlino, diretor executivo da&nbsp; 8 M\u00eddias, conquistou a aten\u00e7\u00e3o da plateia ao mergulhar<\/p>\n","protected":false},"author":2,"featured_media":6474,"comment_status":"open","ping_status":"open","sticky":false,"template":"","format":"standard","meta":{"footnotes":""},"categories":[9,11],"tags":[],"class_list":["post-6473","post","type-post","status-publish","format-standard","has-post-thumbnail","hentry","category-araxa","category-destaques"],"_links":{"self":[{"href":"http:\/\/blogdoarmindomaia.com.br\/index.php?rest_route=\/wp\/v2\/posts\/6473","targetHints":{"allow":["GET"]}}],"collection":[{"href":"http:\/\/blogdoarmindomaia.com.br\/index.php?rest_route=\/wp\/v2\/posts"}],"about":[{"href":"http:\/\/blogdoarmindomaia.com.br\/index.php?rest_route=\/wp\/v2\/types\/post"}],"author":[{"embeddable":true,"href":"http:\/\/blogdoarmindomaia.com.br\/index.php?rest_route=\/wp\/v2\/users\/2"}],"replies":[{"embeddable":true,"href":"http:\/\/blogdoarmindomaia.com.br\/index.php?rest_route=%2Fwp%2Fv2%2Fcomments&post=6473"}],"version-history":[{"count":1,"href":"http:\/\/blogdoarmindomaia.com.br\/index.php?rest_route=\/wp\/v2\/posts\/6473\/revisions"}],"predecessor-version":[{"id":6475,"href":"http:\/\/blogdoarmindomaia.com.br\/index.php?rest_route=\/wp\/v2\/posts\/6473\/revisions\/6475"}],"wp:featuredmedia":[{"embeddable":true,"href":"http:\/\/blogdoarmindomaia.com.br\/index.php?rest_route=\/wp\/v2\/media\/6474"}],"wp:attachment":[{"href":"http:\/\/blogdoarmindomaia.com.br\/index.php?rest_route=%2Fwp%2Fv2%2Fmedia&parent=6473"}],"wp:term":[{"taxonomy":"category","embeddable":true,"href":"http:\/\/blogdoarmindomaia.com.br\/index.php?rest_route=%2Fwp%2Fv2%2Fcategories&post=6473"},{"taxonomy":"post_tag","embeddable":true,"href":"http:\/\/blogdoarmindomaia.com.br\/index.php?rest_route=%2Fwp%2Fv2%2Ftags&post=6473"}],"curies":[{"name":"wp","href":"https:\/\/api.w.org\/{rel}","templated":true}]}}