{"id":6476,"date":"2023-10-30T15:50:31","date_gmt":"2023-10-30T18:50:31","guid":{"rendered":"http:\/\/blogdoarmindomaia.com.br\/?p=6476"},"modified":"2023-10-30T15:50:34","modified_gmt":"2023-10-30T18:50:34","slug":"estudantes-e-professores-de-araxa-recebem-homenagem-na-assembleia-de-mg","status":"publish","type":"post","link":"http:\/\/blogdoarmindomaia.com.br\/?p=6476","title":{"rendered":"Estudantes \u00a0e professores\u00a0 de Arax\u00e1 recebem homenagem na Assembleia\u00a0 de MG"},"content":{"rendered":"\n<figure class=\"wp-block-image size-full is-style-default\"><img loading=\"lazy\" decoding=\"async\" width=\"910\" height=\"352\" src=\"http:\/\/blogdoarmindomaia.com.br\/wp-content\/uploads\/2023\/10\/Estudantes-de-Araxa-recebem-homenagem-na-Assembleia-de-MG-pag-07.jpg\" alt=\"\" class=\"wp-image-6477\" srcset=\"http:\/\/blogdoarmindomaia.com.br\/wp-content\/uploads\/2023\/10\/Estudantes-de-Araxa-recebem-homenagem-na-Assembleia-de-MG-pag-07.jpg 910w, http:\/\/blogdoarmindomaia.com.br\/wp-content\/uploads\/2023\/10\/Estudantes-de-Araxa-recebem-homenagem-na-Assembleia-de-MG-pag-07-300x116.jpg 300w, http:\/\/blogdoarmindomaia.com.br\/wp-content\/uploads\/2023\/10\/Estudantes-de-Araxa-recebem-homenagem-na-Assembleia-de-MG-pag-07-768x297.jpg 768w\" sizes=\"auto, (max-width: 910px) 100vw, 910px\" \/><\/figure>\n\n\n\n<p>Na \u00faltima sexta-feira (27\/10\/23), uma parte da reuni\u00e3o da Comiss\u00e3o de Educa\u00e7\u00e3o, Ci\u00eancia e Tecnologia da Assembleia Legislativa de Minas Gerais (ALMG) destacou o talento de estudantes e professores de escolas de Arax\u00e1, que foram premiados no&nbsp;<strong>Concurso de Reda\u00e7\u00e3o Maria Am\u00e1lia Dumont<\/strong>, no&nbsp;<strong>11\u00ba Festival Liter\u00e1rio de Arax\u00e1 (Fliarax\u00e1)<\/strong>. A audi\u00eancia de convidados foi solicitada pela deputada Beatriz Cerqueria (PT). &nbsp;Este ano, o tema do festival foi &#8220;Educa\u00e7\u00e3o, literatura e patrim\u00f4nio&#8221;, o mesmo que norteou a concep\u00e7\u00e3o da reda\u00e7\u00e3o\u201d. O Fliarax\u00e1 \u00e9 patrocinado pela CBMM e apoiado pelo Ita\u00fa, via&nbsp;<a href=\"https:\/\/www.planalto.gov.br\/ccivil_03\/leis\/l8313cons.htm#:~:text=LEI%20N%C2%BA%208.313%2C%20DE%2023%20DE%20DEZEMBRO%20DE%201991.\">Lei Federal de Incentivo \u00e0 Cultura<\/a>.<\/p>\n\n\n\n<p>O festival, ocorrido em julho deste ano, teve a participa\u00e7\u00e3o de 39 escolas e reuniu institui\u00e7\u00f5es municipais, estaduais e particulares. Cerca de 13.500 alunos participaram do concurso, divididos em tr\u00eas categorias por faixa et\u00e1ria.<\/p>\n\n\n\n<p><strong>O concurso teve a participa\u00e7\u00e3o de 15 vencedores, entre professores e alunos de v\u00e1rias escolas&nbsp;da cidade: <\/strong>Maria Alice Melo da Costa, professora da E. M. Aziz J. Chaer; Joyce Matias, professora da E. E. Vasco Santos; Magali Nascimento de Souza, professora da E. E. Loren Rios Feres; e Daiane dos Reis Teodoro, professora da E. E. Dom Jos\u00e9 Gaspar, est\u00e3o entre os que j\u00e1 confirmaram presen\u00e7a para a homenagem.&nbsp;<\/p>\n\n\n\n<p>O Pr\u00eamio de Reda\u00e7\u00e3o Maria Am\u00e1lia Dumont tem parceria da C\u00e2mara Municipal de Arax\u00e1 e da Academia Araxaense de Letras. \u00c9 considerado importante iniciativa para revelar novos talentos liter\u00e1rios, incentivar o h\u00e1bito da leitura e da escrita.<\/p>\n","protected":false},"excerpt":{"rendered":"<p>Na \u00faltima sexta-feira (27\/10\/23), uma parte da reuni\u00e3o da Comiss\u00e3o de Educa\u00e7\u00e3o, Ci\u00eancia e Tecnologia da Assembleia Legislativa de Minas<\/p>\n","protected":false},"author":2,"featured_media":6477,"comment_status":"open","ping_status":"open","sticky":false,"template":"","format":"standard","meta":{"footnotes":""},"categories":[9,11],"tags":[],"class_list":["post-6476","post","type-post","status-publish","format-standard","has-post-thumbnail","hentry","category-araxa","category-destaques"],"_links":{"self":[{"href":"http:\/\/blogdoarmindomaia.com.br\/index.php?rest_route=\/wp\/v2\/posts\/6476","targetHints":{"allow":["GET"]}}],"collection":[{"href":"http:\/\/blogdoarmindomaia.com.br\/index.php?rest_route=\/wp\/v2\/posts"}],"about":[{"href":"http:\/\/blogdoarmindomaia.com.br\/index.php?rest_route=\/wp\/v2\/types\/post"}],"author":[{"embeddable":true,"href":"http:\/\/blogdoarmindomaia.com.br\/index.php?rest_route=\/wp\/v2\/users\/2"}],"replies":[{"embeddable":true,"href":"http:\/\/blogdoarmindomaia.com.br\/index.php?rest_route=%2Fwp%2Fv2%2Fcomments&post=6476"}],"version-history":[{"count":1,"href":"http:\/\/blogdoarmindomaia.com.br\/index.php?rest_route=\/wp\/v2\/posts\/6476\/revisions"}],"predecessor-version":[{"id":6478,"href":"http:\/\/blogdoarmindomaia.com.br\/index.php?rest_route=\/wp\/v2\/posts\/6476\/revisions\/6478"}],"wp:featuredmedia":[{"embeddable":true,"href":"http:\/\/blogdoarmindomaia.com.br\/index.php?rest_route=\/wp\/v2\/media\/6477"}],"wp:attachment":[{"href":"http:\/\/blogdoarmindomaia.com.br\/index.php?rest_route=%2Fwp%2Fv2%2Fmedia&parent=6476"}],"wp:term":[{"taxonomy":"category","embeddable":true,"href":"http:\/\/blogdoarmindomaia.com.br\/index.php?rest_route=%2Fwp%2Fv2%2Fcategories&post=6476"},{"taxonomy":"post_tag","embeddable":true,"href":"http:\/\/blogdoarmindomaia.com.br\/index.php?rest_route=%2Fwp%2Fv2%2Ftags&post=6476"}],"curies":[{"name":"wp","href":"https:\/\/api.w.org\/{rel}","templated":true}]}}