{"id":6488,"date":"2023-10-31T14:58:14","date_gmt":"2023-10-31T17:58:14","guid":{"rendered":"http:\/\/blogdoarmindomaia.com.br\/?p=6488"},"modified":"2023-10-31T14:58:17","modified_gmt":"2023-10-31T17:58:17","slug":"cimtb-confirma-etapa-de-araxa-uma-semana-depois-da-copa-do-mundo","status":"publish","type":"post","link":"http:\/\/blogdoarmindomaia.com.br\/?p=6488","title":{"rendered":"CIMTB confirma etapa de Arax\u00e1 uma semana depois da Copa do Mundo"},"content":{"rendered":"\n<figure class=\"wp-block-image size-full is-style-default\"><img loading=\"lazy\" decoding=\"async\" width=\"1000\" height=\"696\" src=\"http:\/\/blogdoarmindomaia.com.br\/wp-content\/uploads\/2023\/10\/CIMTB-confirma-etapa-de-Araxa-uma-semana-depois-da-Copa-do-Mundo-pag-04.jpg\" alt=\"\" class=\"wp-image-6489\" srcset=\"http:\/\/blogdoarmindomaia.com.br\/wp-content\/uploads\/2023\/10\/CIMTB-confirma-etapa-de-Araxa-uma-semana-depois-da-Copa-do-Mundo-pag-04.jpg 1000w, http:\/\/blogdoarmindomaia.com.br\/wp-content\/uploads\/2023\/10\/CIMTB-confirma-etapa-de-Araxa-uma-semana-depois-da-Copa-do-Mundo-pag-04-300x209.jpg 300w, http:\/\/blogdoarmindomaia.com.br\/wp-content\/uploads\/2023\/10\/CIMTB-confirma-etapa-de-Araxa-uma-semana-depois-da-Copa-do-Mundo-pag-04-768x535.jpg 768w, http:\/\/blogdoarmindomaia.com.br\/wp-content\/uploads\/2023\/10\/CIMTB-confirma-etapa-de-Araxa-uma-semana-depois-da-Copa-do-Mundo-pag-04-392x272.jpg 392w, http:\/\/blogdoarmindomaia.com.br\/wp-content\/uploads\/2023\/10\/CIMTB-confirma-etapa-de-Araxa-uma-semana-depois-da-Copa-do-Mundo-pag-04-130x90.jpg 130w\" sizes=\"auto, (max-width: 1000px) 100vw, 1000px\" \/><\/figure>\n\n\n\n<p><em>Tradicional etapa do munic\u00edpio mineiro ser\u00e1 realizada entre 26 e 28 de abril, uma semana ap\u00f3s a in\u00e9dita disputa da Copa do Mundo UCI de Mountain Bike de Arax\u00e1<\/em><\/p>\n\n\n\n<p>A Copa Internacional de Mountain Bike (CIMTB) j\u00e1 come\u00e7ou a definir o calend\u00e1rio de provas de 2024. Como tornou-se costume, Arax\u00e1 (MG) ir\u00e1 abrir a temporada com a realiza\u00e7\u00e3o da Hors Class entre os dias 26 e 28 de abril, ofertando aos ciclistas do mundo inteiro importantes pontos nos ranking Ol\u00edmpico e Mundial. Assim, o evento ser\u00e1 realizado na semana seguinte a Copa do Mundo UCI de Mountain Bike, marcada para 18 a 21 de abril, tamb\u00e9m no mesmo local, o Grande Hotel Termas de Arax\u00e1.<\/p>\n\n\n\n<p>\u201cMesmo com a in\u00e9dita Copa do Mundo no munic\u00edpio, seguiremos com a realiza\u00e7\u00e3o da etapa de Arax\u00e1 na pr\u00f3xima temporada, desta vez no \u00faltimo fim de semana de abril, uma semana depois da Copa do Mundo. Vale ressaltar que temos o Cross Country Ol\u00edmpico (XCO) na classifica\u00e7\u00e3o Hors Class, ou seja, garantindo assim 100 pontos para os campe\u00f5es no ranking&nbsp;UCI e tamb\u00e9m para o ciclo de Paris 2024. Para os atletas brasileiros queremos dar a oportunidade de usarem exatamente a mesma pista que os melhores do mundo v\u00e3o ter usado dias antes\u201d, comenta Rog\u00e9rio Bernardes, organizador da Copa Internacional de Mountain Bike.<\/p>\n\n\n\n<p>A organiza\u00e7\u00e3o da CIMTB realizou sua primeira prova em 1996. Desde ent\u00e3o, vem inovando e contribuindo ativamente para o crescimento e fortalecimento do mountain bike e o mercado de bicicletas no Brasil. Contando pontos para o ranking mundial da Uni\u00e3o Cicl\u00edstica Internacional (UCI) desde 2003, a CIMTB tem sido seletiva para os Jogos Ol\u00edmpicos desde os ciclos de Pequim 2008, Londres 2012, Rio 2016, T\u00f3quio 2020 e agora para a disputa de Paris 2024.<\/p>\n\n\n\n<p>Em 2022, a CIMTB aumentou ainda mais sua relev\u00e2ncia internacional, com a realiza\u00e7\u00e3o da etapa de abertura da Copa do Mundo Mercedes-Benz de Mountain Bike 2022, em Petr\u00f3polis (RJ). Al\u00e9m disso, foi respons\u00e1vel pela constru\u00e7\u00e3o da pista de mountain bike dos Jogos Ol\u00edmpicos Rio 2016, considerada uma das melhores da hist\u00f3ria dos Jogos desde 1996, primeiro ano do MTB em Olimp\u00edadas.<\/p>\n","protected":false},"excerpt":{"rendered":"<p>Tradicional etapa do munic\u00edpio mineiro ser\u00e1 realizada entre 26 e 28 de abril, uma semana ap\u00f3s a in\u00e9dita disputa da<\/p>\n","protected":false},"author":2,"featured_media":6490,"comment_status":"open","ping_status":"open","sticky":false,"template":"","format":"standard","meta":{"footnotes":""},"categories":[9,11],"tags":[],"class_list":["post-6488","post","type-post","status-publish","format-standard","has-post-thumbnail","hentry","category-araxa","category-destaques"],"_links":{"self":[{"href":"http:\/\/blogdoarmindomaia.com.br\/index.php?rest_route=\/wp\/v2\/posts\/6488","targetHints":{"allow":["GET"]}}],"collection":[{"href":"http:\/\/blogdoarmindomaia.com.br\/index.php?rest_route=\/wp\/v2\/posts"}],"about":[{"href":"http:\/\/blogdoarmindomaia.com.br\/index.php?rest_route=\/wp\/v2\/types\/post"}],"author":[{"embeddable":true,"href":"http:\/\/blogdoarmindomaia.com.br\/index.php?rest_route=\/wp\/v2\/users\/2"}],"replies":[{"embeddable":true,"href":"http:\/\/blogdoarmindomaia.com.br\/index.php?rest_route=%2Fwp%2Fv2%2Fcomments&post=6488"}],"version-history":[{"count":1,"href":"http:\/\/blogdoarmindomaia.com.br\/index.php?rest_route=\/wp\/v2\/posts\/6488\/revisions"}],"predecessor-version":[{"id":6491,"href":"http:\/\/blogdoarmindomaia.com.br\/index.php?rest_route=\/wp\/v2\/posts\/6488\/revisions\/6491"}],"wp:featuredmedia":[{"embeddable":true,"href":"http:\/\/blogdoarmindomaia.com.br\/index.php?rest_route=\/wp\/v2\/media\/6490"}],"wp:attachment":[{"href":"http:\/\/blogdoarmindomaia.com.br\/index.php?rest_route=%2Fwp%2Fv2%2Fmedia&parent=6488"}],"wp:term":[{"taxonomy":"category","embeddable":true,"href":"http:\/\/blogdoarmindomaia.com.br\/index.php?rest_route=%2Fwp%2Fv2%2Fcategories&post=6488"},{"taxonomy":"post_tag","embeddable":true,"href":"http:\/\/blogdoarmindomaia.com.br\/index.php?rest_route=%2Fwp%2Fv2%2Ftags&post=6488"}],"curies":[{"name":"wp","href":"https:\/\/api.w.org\/{rel}","templated":true}]}}