{"id":6492,"date":"2023-11-01T13:57:51","date_gmt":"2023-11-01T16:57:51","guid":{"rendered":"http:\/\/blogdoarmindomaia.com.br\/?p=6492"},"modified":"2023-11-01T13:57:53","modified_gmt":"2023-11-01T16:57:53","slug":"araxa-no-campeonato-brasileiro-de-danca-em-cadeira-de-rodas","status":"publish","type":"post","link":"http:\/\/blogdoarmindomaia.com.br\/?p=6492","title":{"rendered":"Arax\u00e1 no Campeonato Brasileiro de Dan\u00e7a em Cadeira de Rodas"},"content":{"rendered":"\n<figure class=\"wp-block-image size-large is-style-default\"><img loading=\"lazy\" decoding=\"async\" width=\"716\" height=\"1024\" src=\"http:\/\/blogdoarmindomaia.com.br\/wp-content\/uploads\/2023\/11\/WhatsApp-Image-2023-10-30-at-11.37.27-716x1024.jpeg\" alt=\"\" class=\"wp-image-6493\" srcset=\"http:\/\/blogdoarmindomaia.com.br\/wp-content\/uploads\/2023\/11\/WhatsApp-Image-2023-10-30-at-11.37.27-716x1024.jpeg 716w, http:\/\/blogdoarmindomaia.com.br\/wp-content\/uploads\/2023\/11\/WhatsApp-Image-2023-10-30-at-11.37.27-210x300.jpeg 210w, http:\/\/blogdoarmindomaia.com.br\/wp-content\/uploads\/2023\/11\/WhatsApp-Image-2023-10-30-at-11.37.27-768x1098.jpeg 768w, http:\/\/blogdoarmindomaia.com.br\/wp-content\/uploads\/2023\/11\/WhatsApp-Image-2023-10-30-at-11.37.27.jpeg 869w\" sizes=\"auto, (max-width: 716px) 100vw, 716px\" \/><\/figure>\n\n\n\n<p>Arax\u00e1 Dance Company est\u00e1 indo para o Campeonato Brasileiro de Dan\u00e7a em Cadeira de Rodas que ir\u00e1 realizar no Centro de Treinamento Paral\u00edmpico Brasileiro em S\u00e3o Paulo de 1 a 5 de novembro<br><br>Wanessa Borges \u00e9 precursora da dan\u00e7a para pessoas de alto rendimento em Arax\u00e1 e regi\u00e3o, em institui\u00e7\u00e3o de ensino superior em Minas Gerais, formou diversos bailarinos com e sem defici\u00eancia que iniciou em suas modalidades da cia de dan\u00e7a Uniarax\u00e1, inovou com espet\u00e1culos de dan\u00e7a inclusiva &nbsp;e a dan\u00e7a esportiva em cadeira de rodas e fundou o grupo inclusivo Arax\u00e1 Dance Company que h\u00e1 17 anos leva a arte da dan\u00e7a para todas as pessoas com e sem defici\u00eancia, trazendo as t\u00e9cnicas tamb\u00e9m do circo,de v\u00e1rias modalidades de dan\u00e7a.<br><br>A atleta Camila Vilela vai representar o grupo Arax\u00e1 Dance Company e a cidade de Arax\u00e1 no campeonato na categoria single ritmos latinos e freestyle, junto com sua t\u00e9cnica Wanessa.<br><br>Desejamos sorte e sucesso para essa atleta que ir\u00e1 n\u00e3o s\u00f3 representar dezenas de bailarinos do grupo Arax\u00e1 dance company mais tamb\u00e9m toda nossa cidade.<br><br>Arax\u00e1 Dance Company tem o patroc\u00ednio da Sicoob Crediara e apoio do Instituto MOVART<\/p>\n","protected":false},"excerpt":{"rendered":"<p>Arax\u00e1 Dance Company est\u00e1 indo para o Campeonato Brasileiro de Dan\u00e7a em Cadeira de Rodas que ir\u00e1 realizar no Centro<\/p>\n","protected":false},"author":2,"featured_media":6493,"comment_status":"open","ping_status":"open","sticky":false,"template":"","format":"standard","meta":{"footnotes":""},"categories":[9,5,11],"tags":[],"class_list":["post-6492","post","type-post","status-publish","format-standard","has-post-thumbnail","hentry","category-araxa","category-arte-e-cultura","category-destaques"],"_links":{"self":[{"href":"http:\/\/blogdoarmindomaia.com.br\/index.php?rest_route=\/wp\/v2\/posts\/6492","targetHints":{"allow":["GET"]}}],"collection":[{"href":"http:\/\/blogdoarmindomaia.com.br\/index.php?rest_route=\/wp\/v2\/posts"}],"about":[{"href":"http:\/\/blogdoarmindomaia.com.br\/index.php?rest_route=\/wp\/v2\/types\/post"}],"author":[{"embeddable":true,"href":"http:\/\/blogdoarmindomaia.com.br\/index.php?rest_route=\/wp\/v2\/users\/2"}],"replies":[{"embeddable":true,"href":"http:\/\/blogdoarmindomaia.com.br\/index.php?rest_route=%2Fwp%2Fv2%2Fcomments&post=6492"}],"version-history":[{"count":1,"href":"http:\/\/blogdoarmindomaia.com.br\/index.php?rest_route=\/wp\/v2\/posts\/6492\/revisions"}],"predecessor-version":[{"id":6494,"href":"http:\/\/blogdoarmindomaia.com.br\/index.php?rest_route=\/wp\/v2\/posts\/6492\/revisions\/6494"}],"wp:featuredmedia":[{"embeddable":true,"href":"http:\/\/blogdoarmindomaia.com.br\/index.php?rest_route=\/wp\/v2\/media\/6493"}],"wp:attachment":[{"href":"http:\/\/blogdoarmindomaia.com.br\/index.php?rest_route=%2Fwp%2Fv2%2Fmedia&parent=6492"}],"wp:term":[{"taxonomy":"category","embeddable":true,"href":"http:\/\/blogdoarmindomaia.com.br\/index.php?rest_route=%2Fwp%2Fv2%2Fcategories&post=6492"},{"taxonomy":"post_tag","embeddable":true,"href":"http:\/\/blogdoarmindomaia.com.br\/index.php?rest_route=%2Fwp%2Fv2%2Ftags&post=6492"}],"curies":[{"name":"wp","href":"https:\/\/api.w.org\/{rel}","templated":true}]}}