{"id":6495,"date":"2023-11-01T14:02:14","date_gmt":"2023-11-01T17:02:14","guid":{"rendered":"http:\/\/blogdoarmindomaia.com.br\/?p=6495"},"modified":"2023-11-01T14:02:19","modified_gmt":"2023-11-01T17:02:19","slug":"grupo-de-seresta-musica-na-janela-completa-30-anos-trazendo-ao-publico-musicas-que-emocionam-e-tocam-o-coracao","status":"publish","type":"post","link":"http:\/\/blogdoarmindomaia.com.br\/?p=6495","title":{"rendered":"Grupo de seresta M\u00fasica na Janela completa 30 anos trazendo ao p\u00fablico m\u00fasicas que emocionam e tocam o cora\u00e7\u00e3o"},"content":{"rendered":"\n<figure class=\"wp-block-image size-full is-style-default\"><img loading=\"lazy\" decoding=\"async\" width=\"1024\" height=\"683\" src=\"http:\/\/blogdoarmindomaia.com.br\/wp-content\/uploads\/2023\/11\/Grupo-de-Seresta-8.jpg\" alt=\"\" class=\"wp-image-6496\" srcset=\"http:\/\/blogdoarmindomaia.com.br\/wp-content\/uploads\/2023\/11\/Grupo-de-Seresta-8.jpg 1024w, http:\/\/blogdoarmindomaia.com.br\/wp-content\/uploads\/2023\/11\/Grupo-de-Seresta-8-300x200.jpg 300w, http:\/\/blogdoarmindomaia.com.br\/wp-content\/uploads\/2023\/11\/Grupo-de-Seresta-8-768x512.jpg 768w\" sizes=\"auto, (max-width: 1024px) 100vw, 1024px\" \/><\/figure>\n\n\n\n<p>Com repert\u00f3rios de antigos sucessos da m\u00fasica de serenata, o grupo de seresta M\u00fasica na Janela, da Escola Municipal de M\u00fasica, completa 30 anos em 2023. As noites de ter\u00e7a-feira s\u00e3o mais especiais. Durante o ensaio semanal do grupo, vozes femininas e masculinas de todos os tons ecoam pelo pr\u00e9dio da &nbsp;escola formando um \u00fanico coro.<br><br>Quanto \u00e0s aulas que s\u00e3o realizadas em espa\u00e7o aberto na pra\u00e7a Arthur Bernardes, n\u00e3o \u00e9 dif\u00edcil encontrar pessoas que param para apreciar a apresenta\u00e7\u00e3o. Para garantir a harmonia musical, o som de quatro viol\u00f5es, um cavaquinho e uma flauta transversal se intercalam junto \u00e0 cantoria.<br><br>M\u00fasicas como \u201cChalana\u201d, \u201cMeu Viol\u00e3o em Seresta\u201d, \u201cPeixe Vivo\u201d, \u201cCabecinha no Ombro\u201d e \u201cL\u00e1 no P\u00e9 da Serra\u201d s\u00e3o algumas das in\u00fameras can\u00e7\u00f5es interpretadas. Com o objetivo de resgatar m\u00fasicas seresteiras e antigas, o grupo se apresenta nos diversos eventos que a Funda\u00e7\u00e3o Cultural Calmon Barreto (FCCB) promove, bem como em outros locais em que s\u00e3o convidados. Cantar para pessoas impossibilitadas de sa\u00edrem de casa \u00e9 uma das principais a\u00e7\u00f5es realizadas pelos 30 participantes.<br><br>Grupo mais antigo da escola em atividade, o M\u00fasica na Janela nasceu um ano ap\u00f3s a funda\u00e7\u00e3o da institui\u00e7\u00e3o, por iniciativa da ent\u00e3o diretora Maria \u00c2ngela de Azevedo Bittar. Como ela vinha de Belo Horizonte com a experi\u00eancia de estar \u00e0 frente de um grupo de seresta por l\u00e1, convidou o m\u00fasico e professor Paulinho Torres para constitu\u00edrem o projeto.<br><br>A seresteira mais antiga<br><br>Quem se lembra muito bem deste in\u00edcio \u00e9 dona Ol\u00edvia de Oliveira. Hoje com 85 anos, a aposentada \u00e9 a participante mais antiga do grupo.<br><br>\u201cQuando eu comecei a ter aulas na Escola de M\u00fasica, eu fazia parte do Coral Villa-Lobos, mas a\u00ed surgiu o convite para participar do grupo de seresta, que havia sido recentemente criado. A gente fez uma apresenta\u00e7\u00e3o muito pequena, mas de repente tudo foi crescendo. Outras pessoas que viram e gostaram do tipo de m\u00fasica, come\u00e7aram a participar. Fizemos muitas apresenta\u00e7\u00f5es, cantamos em v\u00e1rias casas. Sa\u00edmos muito em serenata pela cidade\u201d, relembra.<br><br>Ainda para Ol\u00edvia, a exist\u00eancia do grupo depois de 30 anos refor\u00e7a a continuidade de uma tradi\u00e7\u00e3o que vem se perdendo com o tempo.<br><br>\u201cCantar m\u00fasicas rom\u00e2nticas e carinhosas proporcionam um sentimento muito bom. Sempre bate uma saudade. Hoje em dia n\u00e3o existe tanta serenata como antigamente. Essa \u00e9 uma emo\u00e7\u00e3o que precisa continuar e ser repassada para novas gera\u00e7\u00f5es. Ver que o grupo est\u00e1 ativo e chegando a novas pessoas \u00e9 para mim um motivo de muita felicidade\u201d, conta.<br><br>Socializa\u00e7\u00e3o<br><br>De acordo com a coordenadora do grupo de seresta, Ang\u00e9lica Maximiano, al\u00e9m de garantir o aprendizado da m\u00fasica, o projeto tamb\u00e9m promove a socializa\u00e7\u00e3o entre os participantes, que s\u00e3o em maioria da Terceira Idade.<br><br>\u201cEsse \u00e9 um dos objetivos. Quem participa, vem at\u00e9 aqui porque gosta. Muitos at\u00e9 dizem que ficam contando os dias para ter o ensaio. Eles se sentem bem. Durante as atividades, todos interagem com outros participantes. Por meio da viv\u00eancia musical, o projeto proporciona qualidade de vida, com essa conota\u00e7\u00e3o de voc\u00ea estar participando de um grupo e de se sentir inserido em um meio social\u201d, destaca.<br><br>Interessados em participar do grupo de seresta, devem procurar a secretaria da Escola Municipal de M\u00fasica (Pra\u00e7a Arthur Bernardes, 18, Centro), de segunda a sexta-feira, das 7h \u00e0s 21h, e preencher uma ficha de inscri\u00e7\u00e3o. Os ensaios s\u00e3o realizados \u00e0s ter\u00e7as-feiras, das 18h \u00e0s 19h15.<\/p>\n","protected":false},"excerpt":{"rendered":"<p>Com repert\u00f3rios de antigos sucessos da m\u00fasica de serenata, o grupo de seresta M\u00fasica na Janela, da Escola Municipal de<\/p>\n","protected":false},"author":2,"featured_media":6496,"comment_status":"open","ping_status":"open","sticky":false,"template":"","format":"standard","meta":{"footnotes":""},"categories":[9,5,11],"tags":[],"class_list":["post-6495","post","type-post","status-publish","format-standard","has-post-thumbnail","hentry","category-araxa","category-arte-e-cultura","category-destaques"],"_links":{"self":[{"href":"http:\/\/blogdoarmindomaia.com.br\/index.php?rest_route=\/wp\/v2\/posts\/6495","targetHints":{"allow":["GET"]}}],"collection":[{"href":"http:\/\/blogdoarmindomaia.com.br\/index.php?rest_route=\/wp\/v2\/posts"}],"about":[{"href":"http:\/\/blogdoarmindomaia.com.br\/index.php?rest_route=\/wp\/v2\/types\/post"}],"author":[{"embeddable":true,"href":"http:\/\/blogdoarmindomaia.com.br\/index.php?rest_route=\/wp\/v2\/users\/2"}],"replies":[{"embeddable":true,"href":"http:\/\/blogdoarmindomaia.com.br\/index.php?rest_route=%2Fwp%2Fv2%2Fcomments&post=6495"}],"version-history":[{"count":1,"href":"http:\/\/blogdoarmindomaia.com.br\/index.php?rest_route=\/wp\/v2\/posts\/6495\/revisions"}],"predecessor-version":[{"id":6497,"href":"http:\/\/blogdoarmindomaia.com.br\/index.php?rest_route=\/wp\/v2\/posts\/6495\/revisions\/6497"}],"wp:featuredmedia":[{"embeddable":true,"href":"http:\/\/blogdoarmindomaia.com.br\/index.php?rest_route=\/wp\/v2\/media\/6496"}],"wp:attachment":[{"href":"http:\/\/blogdoarmindomaia.com.br\/index.php?rest_route=%2Fwp%2Fv2%2Fmedia&parent=6495"}],"wp:term":[{"taxonomy":"category","embeddable":true,"href":"http:\/\/blogdoarmindomaia.com.br\/index.php?rest_route=%2Fwp%2Fv2%2Fcategories&post=6495"},{"taxonomy":"post_tag","embeddable":true,"href":"http:\/\/blogdoarmindomaia.com.br\/index.php?rest_route=%2Fwp%2Fv2%2Ftags&post=6495"}],"curies":[{"name":"wp","href":"https:\/\/api.w.org\/{rel}","templated":true}]}}