{"id":6512,"date":"2023-11-01T14:22:27","date_gmt":"2023-11-01T17:22:27","guid":{"rendered":"http:\/\/blogdoarmindomaia.com.br\/?p=6512"},"modified":"2023-11-01T14:22:29","modified_gmt":"2023-11-01T17:22:29","slug":"prefeitura-de-araxa-realiza-eleicao-para-diretores-de-escolas-e-creches-municipais","status":"publish","type":"post","link":"http:\/\/blogdoarmindomaia.com.br\/?p=6512","title":{"rendered":"Prefeitura de Arax\u00e1 realiza elei\u00e7\u00e3o para diretores de escolas e creches municipais"},"content":{"rendered":"\n<figure class=\"wp-block-image size-full is-style-default\"><img loading=\"lazy\" decoding=\"async\" width=\"1024\" height=\"683\" src=\"http:\/\/blogdoarmindomaia.com.br\/wp-content\/uploads\/2023\/11\/Prefeitura-de-Araxa-realiza-eleicao-para-diretores-de-escolas-e-creches-municipais-pag-03.jpeg\" alt=\"\" class=\"wp-image-6513\" srcset=\"http:\/\/blogdoarmindomaia.com.br\/wp-content\/uploads\/2023\/11\/Prefeitura-de-Araxa-realiza-eleicao-para-diretores-de-escolas-e-creches-municipais-pag-03.jpeg 1024w, http:\/\/blogdoarmindomaia.com.br\/wp-content\/uploads\/2023\/11\/Prefeitura-de-Araxa-realiza-eleicao-para-diretores-de-escolas-e-creches-municipais-pag-03-300x200.jpeg 300w, http:\/\/blogdoarmindomaia.com.br\/wp-content\/uploads\/2023\/11\/Prefeitura-de-Araxa-realiza-eleicao-para-diretores-de-escolas-e-creches-municipais-pag-03-768x512.jpeg 768w\" sizes=\"auto, (max-width: 1024px) 100vw, 1024px\" \/><\/figure>\n\n\n\n<p>A Prefeitura de Arax\u00e1 vai realizar o Processo de Indica\u00e7\u00e3o do Diretor Escolar para que alunos, pais e servidores possam escolher quem vai exercer o cargo de diretor nas 46 unidades pr\u00f3prias (escolas e creches) do Munic\u00edpio, por meio do voto direto. A elei\u00e7\u00e3o acontece no pr\u00f3ximo dia 21 de dezembro.<br><br>A legisla\u00e7\u00e3o especifica crit\u00e9rios t\u00e9cnicos de m\u00e9rito e desempenho para a candidatura ao pleito. Entre esses crit\u00e9rios, est\u00e3o a Certifica\u00e7\u00e3o Ocupacional para participa\u00e7\u00e3o de candidatos no processo de escolha de diretor; possuir gradua\u00e7\u00e3o em Pedagogia; apresenta\u00e7\u00e3o do plano de a\u00e7\u00e3o para implementa\u00e7\u00e3o na comunidade, abordando aspectos administrativos, financeiros e pedag\u00f3gicos da unidade de ensino.<br><br>A secret\u00e1ria Municipal de Educa\u00e7\u00e3o, Zulma Moreira, ressalta a import\u00e2ncia da participa\u00e7\u00e3o da comunidade. \u201cEssa gest\u00e3o democr\u00e1tica promove a descentraliza\u00e7\u00e3o do poder, fazendo com que haja um comprometimento de toda comunidade com todas as quest\u00f5es que dizem respeito \u00e0 escola, trabalhando sempre para a qualidade do ensino e da aprendizagem. Afinal, s\u00e3o eles que t\u00eam esse contato mais pr\u00f3ximo no dia a dia\u201d, afirma.<br><br>O prefeito Robson Magela destaca que \u00e9 por meio do processo de elei\u00e7\u00e3o que prevalece a vontade da comunidade escolar, conforme as car\u00eancias e anseios que s\u00e3o pontuais de cada unidade de ensino.<br><br>&#8220;O Processo de Indica\u00e7\u00e3o do Diretor Escolar \u00e9 a maneira de trazer mais envolvimento dos servidores e da comunidade com a escola e, consequentemente, com o aprendizado dos alunos. Al\u00e9m de fortalecer o compromisso por parte do diretor, permite a cobran\u00e7a e estabelece a responsabilidade de todos que participaram do processo de escolha&#8221;, conclui.<br><\/p>\n","protected":false},"excerpt":{"rendered":"<p>A Prefeitura de Arax\u00e1 vai realizar o Processo de Indica\u00e7\u00e3o do Diretor Escolar para que alunos, pais e servidores possam<\/p>\n","protected":false},"author":2,"featured_media":6513,"comment_status":"open","ping_status":"open","sticky":false,"template":"","format":"standard","meta":{"footnotes":""},"categories":[9,11,13],"tags":[],"class_list":["post-6512","post","type-post","status-publish","format-standard","has-post-thumbnail","hentry","category-araxa","category-destaques","category-educacao"],"_links":{"self":[{"href":"http:\/\/blogdoarmindomaia.com.br\/index.php?rest_route=\/wp\/v2\/posts\/6512","targetHints":{"allow":["GET"]}}],"collection":[{"href":"http:\/\/blogdoarmindomaia.com.br\/index.php?rest_route=\/wp\/v2\/posts"}],"about":[{"href":"http:\/\/blogdoarmindomaia.com.br\/index.php?rest_route=\/wp\/v2\/types\/post"}],"author":[{"embeddable":true,"href":"http:\/\/blogdoarmindomaia.com.br\/index.php?rest_route=\/wp\/v2\/users\/2"}],"replies":[{"embeddable":true,"href":"http:\/\/blogdoarmindomaia.com.br\/index.php?rest_route=%2Fwp%2Fv2%2Fcomments&post=6512"}],"version-history":[{"count":1,"href":"http:\/\/blogdoarmindomaia.com.br\/index.php?rest_route=\/wp\/v2\/posts\/6512\/revisions"}],"predecessor-version":[{"id":6514,"href":"http:\/\/blogdoarmindomaia.com.br\/index.php?rest_route=\/wp\/v2\/posts\/6512\/revisions\/6514"}],"wp:featuredmedia":[{"embeddable":true,"href":"http:\/\/blogdoarmindomaia.com.br\/index.php?rest_route=\/wp\/v2\/media\/6513"}],"wp:attachment":[{"href":"http:\/\/blogdoarmindomaia.com.br\/index.php?rest_route=%2Fwp%2Fv2%2Fmedia&parent=6512"}],"wp:term":[{"taxonomy":"category","embeddable":true,"href":"http:\/\/blogdoarmindomaia.com.br\/index.php?rest_route=%2Fwp%2Fv2%2Fcategories&post=6512"},{"taxonomy":"post_tag","embeddable":true,"href":"http:\/\/blogdoarmindomaia.com.br\/index.php?rest_route=%2Fwp%2Fv2%2Ftags&post=6512"}],"curies":[{"name":"wp","href":"https:\/\/api.w.org\/{rel}","templated":true}]}}