{"id":6515,"date":"2023-11-01T14:25:29","date_gmt":"2023-11-01T17:25:29","guid":{"rendered":"http:\/\/blogdoarmindomaia.com.br\/?p=6515"},"modified":"2023-11-01T14:25:31","modified_gmt":"2023-11-01T17:25:31","slug":"colegio-sao-domingos-anuncia-novidades-para-2024","status":"publish","type":"post","link":"http:\/\/blogdoarmindomaia.com.br\/?p=6515","title":{"rendered":"Col\u00e9gio S\u00e3o Domingos anuncia novidades para 2024"},"content":{"rendered":"\n<figure class=\"wp-block-image size-large is-style-default\"><img loading=\"lazy\" decoding=\"async\" width=\"1024\" height=\"655\" src=\"http:\/\/blogdoarmindomaia.com.br\/wp-content\/uploads\/2023\/11\/Colegio-Sao-Domingos-anuncia-novidades-para-2024-pag-06-1024x655.jpg\" alt=\"\" class=\"wp-image-6516\" srcset=\"http:\/\/blogdoarmindomaia.com.br\/wp-content\/uploads\/2023\/11\/Colegio-Sao-Domingos-anuncia-novidades-para-2024-pag-06-1024x655.jpg 1024w, http:\/\/blogdoarmindomaia.com.br\/wp-content\/uploads\/2023\/11\/Colegio-Sao-Domingos-anuncia-novidades-para-2024-pag-06-300x192.jpg 300w, http:\/\/blogdoarmindomaia.com.br\/wp-content\/uploads\/2023\/11\/Colegio-Sao-Domingos-anuncia-novidades-para-2024-pag-06-768x491.jpg 768w, http:\/\/blogdoarmindomaia.com.br\/wp-content\/uploads\/2023\/11\/Colegio-Sao-Domingos-anuncia-novidades-para-2024-pag-06-1536x982.jpg 1536w, http:\/\/blogdoarmindomaia.com.br\/wp-content\/uploads\/2023\/11\/Colegio-Sao-Domingos-anuncia-novidades-para-2024-pag-06-2048x1310.jpg 2048w\" sizes=\"auto, (max-width: 1024px) 100vw, 1024px\" \/><\/figure>\n\n\n\n<p>O Col\u00e9gio S\u00e3o Domingos celebra, em 2023, noventa e cinco anos de exist\u00eancia. Esta jornada extraordin\u00e1ria na \u00e1rea educacional sempre aliou tradi\u00e7\u00e3o e inova\u00e7\u00e3o. \u201cMantemos vivos os valores anastasianos-dominicanos. Acolhida, verdade, justi\u00e7a, solidariedade, estudo, espiritualidade, regularit\u00e9 e sustentabilidade fundamentam todas as a\u00e7\u00f5es do CSD. Proporcionamos experi\u00eancias de aprendizagem que desafiam, inspiram e capacitam os estudantes a alcan\u00e7arem o seu pleno potencial\u201d, ressalta Ana Cristina Cunha Borges, diretora do Col\u00e9gio S\u00e3o Domingos. Estar sempre inovando \u00e9 o jeito CSD de educar. Por isso, 2024 ser\u00e1 repleto de novidades.<\/p>\n\n\n\n<p>Na Educa\u00e7\u00e3o Infantil, o curr\u00edculo ser\u00e1 enriquecido com aulas de Ingl\u00eas. No Ensino Fundamental, este componente curricular passar\u00e1 por uma reestrutura\u00e7\u00e3o: aumento da carga hor\u00e1ria. \u201cAprender uma segunda l\u00edngua, como o ingl\u00eas, estimula o pensamento cr\u00edtico, a resolu\u00e7\u00e3o de problemas e a criatividade. Prepara os alunos para se comunicarem eficazmente em um mundo cada vez mais globalizado\u201d, explica Ana Cristina.<\/p>\n\n\n\n<p>O trabalho com as habilidades socioemocionais, t\u00e3o necess\u00e1rias para o autoconhecimento, a autorregula\u00e7\u00e3o e para a administra\u00e7\u00e3o das emo\u00e7\u00f5es, ser\u00e1 sistematizado por meio de um novo componente curricular. \u201cA proposta \u00e9 oferecer aos estudantes &#8211; em tempo de constantes e aceleradas transforma\u00e7\u00f5es &#8211; ferramentas que v\u00e3o ajud\u00e1-los a desenvolver habilidades para a constru\u00e7\u00e3o de relacionamentos positivos e o enfrentamento de situa\u00e7\u00f5es adversas de maneira \u00e9tica, criativa e construtiva. Tudo isso ser\u00e1 contemplado na cole\u00e7\u00e3o \u2018Eu no mundo\u2019, material Bernoulli para alunos do Ensino Fundamental\u201d, complementa a diretora. Outra novidade: o Ensino M\u00e9dio do CSD estar\u00e1 de casa nova. Um pr\u00e9dio moderno, projetado para os alunos dessa faixa et\u00e1ria, totalmente equipado com telas interativas e novo mobili\u00e1rio. \u201cTeremos ainda outras inova\u00e7\u00f5es em 2024: aulas extracurriculares de dan\u00e7a e teatro. Duas modalidades art\u00edsticas que permitem a express\u00e3o de emo\u00e7\u00f5es, sentimentos e pensamentos de maneira criativa. Mais que uma escola, o CSD \u00e9 um jeito de ser\u201d, finaliza&nbsp;Ana&nbsp;Cristina.<\/p>\n","protected":false},"excerpt":{"rendered":"<p>O Col\u00e9gio S\u00e3o Domingos celebra, em 2023, noventa e cinco anos de exist\u00eancia. Esta jornada extraordin\u00e1ria na \u00e1rea educacional sempre<\/p>\n","protected":false},"author":2,"featured_media":6516,"comment_status":"open","ping_status":"open","sticky":false,"template":"","format":"standard","meta":{"footnotes":""},"categories":[9,11,13],"tags":[],"class_list":["post-6515","post","type-post","status-publish","format-standard","has-post-thumbnail","hentry","category-araxa","category-destaques","category-educacao"],"_links":{"self":[{"href":"http:\/\/blogdoarmindomaia.com.br\/index.php?rest_route=\/wp\/v2\/posts\/6515","targetHints":{"allow":["GET"]}}],"collection":[{"href":"http:\/\/blogdoarmindomaia.com.br\/index.php?rest_route=\/wp\/v2\/posts"}],"about":[{"href":"http:\/\/blogdoarmindomaia.com.br\/index.php?rest_route=\/wp\/v2\/types\/post"}],"author":[{"embeddable":true,"href":"http:\/\/blogdoarmindomaia.com.br\/index.php?rest_route=\/wp\/v2\/users\/2"}],"replies":[{"embeddable":true,"href":"http:\/\/blogdoarmindomaia.com.br\/index.php?rest_route=%2Fwp%2Fv2%2Fcomments&post=6515"}],"version-history":[{"count":1,"href":"http:\/\/blogdoarmindomaia.com.br\/index.php?rest_route=\/wp\/v2\/posts\/6515\/revisions"}],"predecessor-version":[{"id":6517,"href":"http:\/\/blogdoarmindomaia.com.br\/index.php?rest_route=\/wp\/v2\/posts\/6515\/revisions\/6517"}],"wp:featuredmedia":[{"embeddable":true,"href":"http:\/\/blogdoarmindomaia.com.br\/index.php?rest_route=\/wp\/v2\/media\/6516"}],"wp:attachment":[{"href":"http:\/\/blogdoarmindomaia.com.br\/index.php?rest_route=%2Fwp%2Fv2%2Fmedia&parent=6515"}],"wp:term":[{"taxonomy":"category","embeddable":true,"href":"http:\/\/blogdoarmindomaia.com.br\/index.php?rest_route=%2Fwp%2Fv2%2Fcategories&post=6515"},{"taxonomy":"post_tag","embeddable":true,"href":"http:\/\/blogdoarmindomaia.com.br\/index.php?rest_route=%2Fwp%2Fv2%2Ftags&post=6515"}],"curies":[{"name":"wp","href":"https:\/\/api.w.org\/{rel}","templated":true}]}}