{"id":6524,"date":"2023-11-01T14:38:07","date_gmt":"2023-11-01T17:38:07","guid":{"rendered":"http:\/\/blogdoarmindomaia.com.br\/?p=6524"},"modified":"2023-11-01T14:38:10","modified_gmt":"2023-11-01T17:38:10","slug":"conferencia-debate-projetos-para-o-setor-cultural-de-araxa","status":"publish","type":"post","link":"http:\/\/blogdoarmindomaia.com.br\/?p=6524","title":{"rendered":"Confer\u00eancia debate projetos para o Setor Cultural de Arax\u00e1"},"content":{"rendered":"\n<figure class=\"wp-block-image size-large is-style-default\"><img loading=\"lazy\" decoding=\"async\" width=\"1024\" height=\"680\" src=\"http:\/\/blogdoarmindomaia.com.br\/wp-content\/uploads\/2023\/11\/Conferencia-debate-projetos-para-o-Setor-Cultural-de-Araxa-pag-06-1024x680.jpg\" alt=\"\" class=\"wp-image-6525\" srcset=\"http:\/\/blogdoarmindomaia.com.br\/wp-content\/uploads\/2023\/11\/Conferencia-debate-projetos-para-o-Setor-Cultural-de-Araxa-pag-06-1024x680.jpg 1024w, http:\/\/blogdoarmindomaia.com.br\/wp-content\/uploads\/2023\/11\/Conferencia-debate-projetos-para-o-Setor-Cultural-de-Araxa-pag-06-300x199.jpg 300w, http:\/\/blogdoarmindomaia.com.br\/wp-content\/uploads\/2023\/11\/Conferencia-debate-projetos-para-o-Setor-Cultural-de-Araxa-pag-06-768x510.jpg 768w, http:\/\/blogdoarmindomaia.com.br\/wp-content\/uploads\/2023\/11\/Conferencia-debate-projetos-para-o-Setor-Cultural-de-Araxa-pag-06.jpg 1028w\" sizes=\"auto, (max-width: 1024px) 100vw, 1024px\" \/><\/figure>\n\n\n\n<p>Elaborar pautas e propostas para cultura local. Este \u00e9 um dos objetivos debatidos na Confer\u00eancia Municipal de Cultura de Arax\u00e1, que aconteceu na segunda-feira (30), durante todo o dia, no audit\u00f3rio da Prefeitura de Arax\u00e1.<br><br>O evento contou com seis eixos de discuss\u00e3o que envolveram quest\u00f5es ligadas ao sistema nacional de cultura como marcos legais, democratiza\u00e7\u00e3o e acesso, diversidade, identidade, patrim\u00f4nio, renda, sustentabilidade e acesso \u00e0s artes e linguagens digitais.<br><br>A presidente da Funda\u00e7\u00e3o Cultural Calmon Barreto (FCCB), Cynthia Ver\u00e7osa, destacou que a confer\u00eancia foi um momento para discutir pautas e propostas que impactam no desenvolvimento da cultura local.<br><br>\u201c\u00c9 um momento de reflex\u00e3o e debate que a partir das sugest\u00f5es, duas propostas entre os seis eixos ser\u00e3o selecionadas para a Confer\u00eancia Estadual, que poder\u00e3o ser escolhidas para a Nacional\u201d, explica.<br><br>O prefeito Robson Magela abriu o evento e destacou que a Administra\u00e7\u00e3o Municipal est\u00e1 inteiramente \u00e0 disposi\u00e7\u00e3o para apoiar e fortalecer as pautas voltadas para o Setor Cultural.<br><br>\u201cDurante a pandemia, o setor mais afetado foi a Cultura e a Arte. Por isso, agora a gest\u00e3o est\u00e1 junta para somar e fomentar as atividades culturais em nosso munic\u00edpio por meio de projetos para incentivar a nossa arte e cultura em Arax\u00e1\u201d, concluiu.<\/p>\n","protected":false},"excerpt":{"rendered":"<p>Elaborar pautas e propostas para cultura local. Este \u00e9 um dos objetivos debatidos na Confer\u00eancia Municipal de Cultura de Arax\u00e1,<\/p>\n","protected":false},"author":2,"featured_media":6525,"comment_status":"open","ping_status":"open","sticky":false,"template":"","format":"standard","meta":{"footnotes":""},"categories":[9,5,11],"tags":[],"class_list":["post-6524","post","type-post","status-publish","format-standard","has-post-thumbnail","hentry","category-araxa","category-arte-e-cultura","category-destaques"],"_links":{"self":[{"href":"http:\/\/blogdoarmindomaia.com.br\/index.php?rest_route=\/wp\/v2\/posts\/6524","targetHints":{"allow":["GET"]}}],"collection":[{"href":"http:\/\/blogdoarmindomaia.com.br\/index.php?rest_route=\/wp\/v2\/posts"}],"about":[{"href":"http:\/\/blogdoarmindomaia.com.br\/index.php?rest_route=\/wp\/v2\/types\/post"}],"author":[{"embeddable":true,"href":"http:\/\/blogdoarmindomaia.com.br\/index.php?rest_route=\/wp\/v2\/users\/2"}],"replies":[{"embeddable":true,"href":"http:\/\/blogdoarmindomaia.com.br\/index.php?rest_route=%2Fwp%2Fv2%2Fcomments&post=6524"}],"version-history":[{"count":1,"href":"http:\/\/blogdoarmindomaia.com.br\/index.php?rest_route=\/wp\/v2\/posts\/6524\/revisions"}],"predecessor-version":[{"id":6526,"href":"http:\/\/blogdoarmindomaia.com.br\/index.php?rest_route=\/wp\/v2\/posts\/6524\/revisions\/6526"}],"wp:featuredmedia":[{"embeddable":true,"href":"http:\/\/blogdoarmindomaia.com.br\/index.php?rest_route=\/wp\/v2\/media\/6525"}],"wp:attachment":[{"href":"http:\/\/blogdoarmindomaia.com.br\/index.php?rest_route=%2Fwp%2Fv2%2Fmedia&parent=6524"}],"wp:term":[{"taxonomy":"category","embeddable":true,"href":"http:\/\/blogdoarmindomaia.com.br\/index.php?rest_route=%2Fwp%2Fv2%2Fcategories&post=6524"},{"taxonomy":"post_tag","embeddable":true,"href":"http:\/\/blogdoarmindomaia.com.br\/index.php?rest_route=%2Fwp%2Fv2%2Ftags&post=6524"}],"curies":[{"name":"wp","href":"https:\/\/api.w.org\/{rel}","templated":true}]}}