{"id":653,"date":"2022-05-04T23:14:18","date_gmt":"2022-05-05T02:14:18","guid":{"rendered":"http:\/\/blogdoarmindomaia.com.br\/?p=653"},"modified":"2022-05-04T23:15:40","modified_gmt":"2022-05-05T02:15:40","slug":"prefeitura-de-araxa-conclui-revitalizacao-da-rua-brigido-de-melo-filho-no-bairro-bom-jesus","status":"publish","type":"post","link":"http:\/\/blogdoarmindomaia.com.br\/?p=653","title":{"rendered":"Prefeitura de Arax\u00e1 conclui revitaliza\u00e7\u00e3o da rua Br\u00edgido de Melo Filho, no bairro Bom Jesus"},"content":{"rendered":"\n<figure class=\"wp-block-image size-full is-style-default\"><img loading=\"lazy\" decoding=\"async\" width=\"1024\" height=\"683\" src=\"http:\/\/blogdoarmindomaia.com.br\/wp-content\/uploads\/2022\/05\/Revitalizacao-Brigido-de-Melo-Filho.jpeg\" alt=\"\" class=\"wp-image-656\" srcset=\"http:\/\/blogdoarmindomaia.com.br\/wp-content\/uploads\/2022\/05\/Revitalizacao-Brigido-de-Melo-Filho.jpeg 1024w, http:\/\/blogdoarmindomaia.com.br\/wp-content\/uploads\/2022\/05\/Revitalizacao-Brigido-de-Melo-Filho-300x200.jpeg 300w, http:\/\/blogdoarmindomaia.com.br\/wp-content\/uploads\/2022\/05\/Revitalizacao-Brigido-de-Melo-Filho-768x512.jpeg 768w\" sizes=\"auto, (max-width: 1024px) 100vw, 1024px\" \/><\/figure>\n\n\n\n<figure class=\"wp-block-image size-full is-style-default\"><img loading=\"lazy\" decoding=\"async\" width=\"1024\" height=\"683\" src=\"http:\/\/blogdoarmindomaia.com.br\/wp-content\/uploads\/2022\/05\/Revitalizacao-Brigido-de-Melo-Filho-3.jpeg\" alt=\"\" class=\"wp-image-655\" srcset=\"http:\/\/blogdoarmindomaia.com.br\/wp-content\/uploads\/2022\/05\/Revitalizacao-Brigido-de-Melo-Filho-3.jpeg 1024w, http:\/\/blogdoarmindomaia.com.br\/wp-content\/uploads\/2022\/05\/Revitalizacao-Brigido-de-Melo-Filho-3-300x200.jpeg 300w, http:\/\/blogdoarmindomaia.com.br\/wp-content\/uploads\/2022\/05\/Revitalizacao-Brigido-de-Melo-Filho-3-768x512.jpeg 768w\" sizes=\"auto, (max-width: 1024px) 100vw, 1024px\" \/><\/figure>\n\n\n\n<figure class=\"wp-block-image size-full is-style-default\"><img loading=\"lazy\" decoding=\"async\" width=\"1024\" height=\"683\" src=\"http:\/\/blogdoarmindomaia.com.br\/wp-content\/uploads\/2022\/05\/Revitalizacao-Brigido-de-Melo-Filho-2.jpeg\" alt=\"\" class=\"wp-image-654\" srcset=\"http:\/\/blogdoarmindomaia.com.br\/wp-content\/uploads\/2022\/05\/Revitalizacao-Brigido-de-Melo-Filho-2.jpeg 1024w, http:\/\/blogdoarmindomaia.com.br\/wp-content\/uploads\/2022\/05\/Revitalizacao-Brigido-de-Melo-Filho-2-300x200.jpeg 300w, http:\/\/blogdoarmindomaia.com.br\/wp-content\/uploads\/2022\/05\/Revitalizacao-Brigido-de-Melo-Filho-2-768x512.jpeg 768w\" sizes=\"auto, (max-width: 1024px) 100vw, 1024px\" \/><\/figure>\n\n\n\n<p>Remo\u00e7\u00e3o da malha asf\u00e1ltica, preparo do solo, recapeamento com material mais resistente, reforma de cal\u00e7adas e meio-fio. Ap\u00f3s cerca de 30 dias desde o in\u00edcio da obra, o recapeamento da rua Br\u00edgido de Melo Filho, no bairro Bom Jesus, foi conclu\u00eddo.<\/p>\n\n\n\n<p>O prefeito Robson Magela se reuniu com representantes de bairros do Setor Norte, secret\u00e1rios e vereadores para fazer a entrega simb\u00f3lica da revitaliza\u00e7\u00e3o na manh\u00e3 desta ter\u00e7a-feira (3).<\/p>\n\n\n\n<p>O prefeito destacou a import\u00e2ncia da rua que interliga cerca de 10 bairros, mas que vinha causando dor de cabe\u00e7a para os motoristas e moradores que utilizam a via.<\/p>\n\n\n\n<p>\u201cA rua tem um movimento muito grande de ve\u00edculos leves e pesados. Era um asfalto velho, antigo e n\u00e3o cabia mais palialtivos, principalmente com o per\u00edodo de chuva aonde a enxurrada levava tudo embora. Agora nosso pr\u00f3ximo passo \u00e9 fazer um estudo para que possamos criar uma al\u00e7a de acesso e deixar a rua Br\u00edgido de Melo em m\u00e3o \u00fanica, melhorando a tr\u00e1fego\u201d, adianta.<\/p>\n\n\n\n<p>Foram investidos R$ 450 mil e a obra na rua Br\u00edgido de Melo Filho foi realizada pela empresa Falk Construtora, contratada por meio de licita\u00e7\u00e3o.<\/p>\n\n\n\n<p>O secret\u00e1rio municipal de Obras P\u00fablicas e Mobilidade Urbana, \u00c2ngelo Fran\u00e7a, relata que ao longo da obra foi preciso realizar outras interven\u00e7\u00f5es junto \u00e0 Copasa em fun\u00e7\u00e3o da rede de saneamento antiga. &#8220;Aproveitamos tamb\u00e9m para fazer recomposi\u00e7\u00e3o de cal\u00e7adas. Essas interven\u00e7\u00f5es n\u00e3o previstas acabaram prolongando a obra. Ainda assim, conseguimos entreg\u00e1-la em 30 dias&#8221;, destaca.<\/p>\n\n\n\n<p>Moradora do bairro h\u00e1 cerca de 40 anos, a aposentada Tereza C\u00e1ssia de Jesus, destaca que na condi\u00e7\u00e3o que estava a rua s\u00f3 causava transtorno para os moradores. \u201cAqui aconteciam acidentes frequentemente. E agora, com um asfalto bem feito, est\u00e1 mais segura e o tr\u00e2nsito flui melhor\u201d, comemora.&nbsp;<\/p>\n","protected":false},"excerpt":{"rendered":"<p>Remo\u00e7\u00e3o da malha asf\u00e1ltica, preparo do solo, recapeamento com material mais resistente, reforma de cal\u00e7adas e meio-fio. Ap\u00f3s cerca de<\/p>\n","protected":false},"author":2,"featured_media":655,"comment_status":"open","ping_status":"open","sticky":false,"template":"","format":"standard","meta":{"footnotes":""},"categories":[9,11],"tags":[],"class_list":["post-653","post","type-post","status-publish","format-standard","has-post-thumbnail","hentry","category-araxa","category-destaques"],"_links":{"self":[{"href":"http:\/\/blogdoarmindomaia.com.br\/index.php?rest_route=\/wp\/v2\/posts\/653","targetHints":{"allow":["GET"]}}],"collection":[{"href":"http:\/\/blogdoarmindomaia.com.br\/index.php?rest_route=\/wp\/v2\/posts"}],"about":[{"href":"http:\/\/blogdoarmindomaia.com.br\/index.php?rest_route=\/wp\/v2\/types\/post"}],"author":[{"embeddable":true,"href":"http:\/\/blogdoarmindomaia.com.br\/index.php?rest_route=\/wp\/v2\/users\/2"}],"replies":[{"embeddable":true,"href":"http:\/\/blogdoarmindomaia.com.br\/index.php?rest_route=%2Fwp%2Fv2%2Fcomments&post=653"}],"version-history":[{"count":1,"href":"http:\/\/blogdoarmindomaia.com.br\/index.php?rest_route=\/wp\/v2\/posts\/653\/revisions"}],"predecessor-version":[{"id":657,"href":"http:\/\/blogdoarmindomaia.com.br\/index.php?rest_route=\/wp\/v2\/posts\/653\/revisions\/657"}],"wp:featuredmedia":[{"embeddable":true,"href":"http:\/\/blogdoarmindomaia.com.br\/index.php?rest_route=\/wp\/v2\/media\/655"}],"wp:attachment":[{"href":"http:\/\/blogdoarmindomaia.com.br\/index.php?rest_route=%2Fwp%2Fv2%2Fmedia&parent=653"}],"wp:term":[{"taxonomy":"category","embeddable":true,"href":"http:\/\/blogdoarmindomaia.com.br\/index.php?rest_route=%2Fwp%2Fv2%2Fcategories&post=653"},{"taxonomy":"post_tag","embeddable":true,"href":"http:\/\/blogdoarmindomaia.com.br\/index.php?rest_route=%2Fwp%2Fv2%2Ftags&post=653"}],"curies":[{"name":"wp","href":"https:\/\/api.w.org\/{rel}","templated":true}]}}