{"id":6530,"date":"2023-11-01T14:44:34","date_gmt":"2023-11-01T17:44:34","guid":{"rendered":"http:\/\/blogdoarmindomaia.com.br\/?p=6530"},"modified":"2023-11-01T14:44:36","modified_gmt":"2023-11-01T17:44:36","slug":"araxa-recebera-voo-direto-do-aeroporto-de-guarulhos-em-sao-paulo","status":"publish","type":"post","link":"http:\/\/blogdoarmindomaia.com.br\/?p=6530","title":{"rendered":"Arax\u00e1 receber\u00e1 voo direto do Aeroporto de Guarulhos, em S\u00e3o Paulo"},"content":{"rendered":"\n<figure class=\"wp-block-image size-large is-style-default\"><img loading=\"lazy\" decoding=\"async\" width=\"1024\" height=\"682\" src=\"http:\/\/blogdoarmindomaia.com.br\/wp-content\/uploads\/2023\/11\/Araxa-recebera-voo-direto-do-Aeroporto-de-Guarulhos-pag-07-1024x682.jpg\" alt=\"\" class=\"wp-image-6531\" srcset=\"http:\/\/blogdoarmindomaia.com.br\/wp-content\/uploads\/2023\/11\/Araxa-recebera-voo-direto-do-Aeroporto-de-Guarulhos-pag-07-1024x682.jpg 1024w, http:\/\/blogdoarmindomaia.com.br\/wp-content\/uploads\/2023\/11\/Araxa-recebera-voo-direto-do-Aeroporto-de-Guarulhos-pag-07-300x200.jpg 300w, http:\/\/blogdoarmindomaia.com.br\/wp-content\/uploads\/2023\/11\/Araxa-recebera-voo-direto-do-Aeroporto-de-Guarulhos-pag-07-768x512.jpg 768w, http:\/\/blogdoarmindomaia.com.br\/wp-content\/uploads\/2023\/11\/Araxa-recebera-voo-direto-do-Aeroporto-de-Guarulhos-pag-07-1536x1024.jpg 1536w, http:\/\/blogdoarmindomaia.com.br\/wp-content\/uploads\/2023\/11\/Araxa-recebera-voo-direto-do-Aeroporto-de-Guarulhos-pag-07-2048x1365.jpg 2048w\" sizes=\"auto, (max-width: 1024px) 100vw, 1024px\" \/><\/figure>\n\n\n\n<p>A partir de janeiro de 2024, Arax\u00e1 (MG) estar\u00e1 ainda mais perto dos paulistas. Ser\u00e1 iniciada uma opera\u00e7\u00e3o de voo direto do aeroporto de Guarulhos (SP) para o munic\u00edpio mineiro. O trajeto ser\u00e1 realizado pela Azul Linhas A\u00e9reas e ter\u00e1 voos de ida e volta \u00e0s segundas e sextas-feiras. A aeronave utilizada ser\u00e1 um Embraer de 108 lugares.&nbsp;<\/p>\n\n\n\n<p>A iniciativa foi da&nbsp;<a href=\"http:\/\/www.codemge.com.br\/\" target=\"_blank\" rel=\"noreferrer noopener\">Companhia de Desenvolvimento de Minas Gerais (Codemge)<\/a>&nbsp;que viabilizou a implanta\u00e7\u00e3o desses voos e trabalhou na modelagem do projeto.&nbsp;<\/p>\n\n\n\n<p>Para marcar essa nova rota, aconteceu de 3 a 6\/10, o lan\u00e7amento do voo inaugural entre Guarulhos e Arax\u00e1. \u201cCom o redirecionamento da companhia voltado para fomentar o desenvolvimento econ\u00f4mico e atrair investimentos privados, \u00e9 de suma import\u00e2ncia buscarmos mecanismos que impulsionem a economia das mais diversas regi\u00f5es de Minas Gerais. Nesse sentindo, estar a frente de uma iniciativa que atrai mais turistas para nosso estado \u00e9 concretizar esse fomento\u201d, comenta o diretor de gest\u00e3o de ativos e mercado, S\u00e9rgio Cabral.<\/p>\n\n\n\n<p>A conex\u00e3o objetiva atender a demanda de moradores de S\u00e3o Paulo que buscam conhecer, revisitar e aproveitar as maravilhas de Minas Gerais. A principal atra\u00e7\u00e3o, neste caso, fica por conta do Grande Hotel Termas de Arax\u00e1, empreendimento gerido pelo Grupo Tau\u00e1 desde 2010&nbsp;em uma parceria com o&nbsp;<a href=\"https:\/\/www.mg.gov.br\/\" target=\"_blank\" rel=\"noreferrer noopener\">Governo de Minas Gerais<\/a>, por meio da Companhia de Desenvolvimento de Minas Gerais (Codemge).<\/p>\n\n\n\n<p>Al\u00e9m de oferecer servi\u00e7o de hotelaria e terapias variadas que utilizam das \u00e1guas termais, o hotel tamb\u00e9m ir\u00e1 disponibilizar o pacote completo (passagem + hospedagem) para quem deseja maior praticidade e conforto.<\/p>\n\n\n\n<p>\u201cNada melhor como ter como destino o Grande Hotel Termas de Arax\u00e1, um empreendimento que proporciona prazer, bem-estar e relaxamento de uma forma \u00fanica e com a exclusividade das \u00e1guas termais\u201d, completa S\u00e9rgio.<\/p>\n\n\n\n<p>A capital mineira tamb\u00e9m se beneficiar\u00e1. A partir de dezembro de 2023, a Azul Linhas A\u00e9reas oferecer\u00e1 uma nova grade de voos com destino a Arax\u00e1. As aeronaves sair\u00e3o do Aeroporto Internacional de Confins \u00e0s segundas, quartas, sextas e domingos e ter\u00e1 a capacidade para 70 passageiros.<\/p>\n","protected":false},"excerpt":{"rendered":"<p>A partir de janeiro de 2024, Arax\u00e1 (MG) estar\u00e1 ainda mais perto dos paulistas. Ser\u00e1 iniciada uma opera\u00e7\u00e3o de voo<\/p>\n","protected":false},"author":2,"featured_media":6531,"comment_status":"open","ping_status":"open","sticky":false,"template":"","format":"standard","meta":{"footnotes":""},"categories":[9,11],"tags":[],"class_list":["post-6530","post","type-post","status-publish","format-standard","has-post-thumbnail","hentry","category-araxa","category-destaques"],"_links":{"self":[{"href":"http:\/\/blogdoarmindomaia.com.br\/index.php?rest_route=\/wp\/v2\/posts\/6530","targetHints":{"allow":["GET"]}}],"collection":[{"href":"http:\/\/blogdoarmindomaia.com.br\/index.php?rest_route=\/wp\/v2\/posts"}],"about":[{"href":"http:\/\/blogdoarmindomaia.com.br\/index.php?rest_route=\/wp\/v2\/types\/post"}],"author":[{"embeddable":true,"href":"http:\/\/blogdoarmindomaia.com.br\/index.php?rest_route=\/wp\/v2\/users\/2"}],"replies":[{"embeddable":true,"href":"http:\/\/blogdoarmindomaia.com.br\/index.php?rest_route=%2Fwp%2Fv2%2Fcomments&post=6530"}],"version-history":[{"count":1,"href":"http:\/\/blogdoarmindomaia.com.br\/index.php?rest_route=\/wp\/v2\/posts\/6530\/revisions"}],"predecessor-version":[{"id":6532,"href":"http:\/\/blogdoarmindomaia.com.br\/index.php?rest_route=\/wp\/v2\/posts\/6530\/revisions\/6532"}],"wp:featuredmedia":[{"embeddable":true,"href":"http:\/\/blogdoarmindomaia.com.br\/index.php?rest_route=\/wp\/v2\/media\/6531"}],"wp:attachment":[{"href":"http:\/\/blogdoarmindomaia.com.br\/index.php?rest_route=%2Fwp%2Fv2%2Fmedia&parent=6530"}],"wp:term":[{"taxonomy":"category","embeddable":true,"href":"http:\/\/blogdoarmindomaia.com.br\/index.php?rest_route=%2Fwp%2Fv2%2Fcategories&post=6530"},{"taxonomy":"post_tag","embeddable":true,"href":"http:\/\/blogdoarmindomaia.com.br\/index.php?rest_route=%2Fwp%2Fv2%2Ftags&post=6530"}],"curies":[{"name":"wp","href":"https:\/\/api.w.org\/{rel}","templated":true}]}}