{"id":6534,"date":"2023-11-03T16:01:01","date_gmt":"2023-11-03T19:01:01","guid":{"rendered":"http:\/\/blogdoarmindomaia.com.br\/?p=6534"},"modified":"2023-11-03T16:01:02","modified_gmt":"2023-11-03T19:01:02","slug":"cadastro-escolar-2024-do-ensino-infantil","status":"publish","type":"post","link":"http:\/\/blogdoarmindomaia.com.br\/?p=6534","title":{"rendered":"Cadastro Escolar 2024 do Ensino Infantil"},"content":{"rendered":"\n<figure class=\"wp-block-image size-full is-style-default\"><img loading=\"lazy\" decoding=\"async\" width=\"1024\" height=\"683\" src=\"http:\/\/blogdoarmindomaia.com.br\/wp-content\/uploads\/2023\/11\/Cadastro-Escolar-2024-do-Ensino-Infantil-pag-03.jpg\" alt=\"\" class=\"wp-image-6535\" srcset=\"http:\/\/blogdoarmindomaia.com.br\/wp-content\/uploads\/2023\/11\/Cadastro-Escolar-2024-do-Ensino-Infantil-pag-03.jpg 1024w, http:\/\/blogdoarmindomaia.com.br\/wp-content\/uploads\/2023\/11\/Cadastro-Escolar-2024-do-Ensino-Infantil-pag-03-300x200.jpg 300w, http:\/\/blogdoarmindomaia.com.br\/wp-content\/uploads\/2023\/11\/Cadastro-Escolar-2024-do-Ensino-Infantil-pag-03-768x512.jpg 768w\" sizes=\"auto, (max-width: 1024px) 100vw, 1024px\" \/><\/figure>\n\n\n\n<p>A Secretaria Municipal de Educa\u00e7\u00e3o informa que inicia o Cadastro Escolar para crian\u00e7as a partir de 4 meses at\u00e9 5 anos de idade na Educa\u00e7\u00e3o Infantil a partir desta sexta feira, 10 de novembro de 2023 (sexta-feira). Para realizar o cadastro, os pais ou respons\u00e1veis dever\u00e3o acessar um link disponibilizado pelo Munic\u00edpio em breve nas m\u00eddias oficiais da Prefeitura de Arax\u00e1.<br><br>As Unidades Escolares tamb\u00e9m ser\u00e3o pontos de cadastro. Este p\u00fablico deve procurar a institui\u00e7\u00e3o mais pr\u00f3xima de sua resid\u00eancia para o preenchimento da documenta\u00e7\u00e3o necess\u00e1ria.<br><br>O cadastro pode ser realizado para at\u00e9 tr\u00eas unidades de ensino, desde que localizadas na mesma regi\u00e3o de resid\u00eancia da crian\u00e7a.<br><br>De acordo com a Secretaria Municipal de Educa\u00e7\u00e3o, o cadastro n\u00e3o \u00e9 garantia da vaga e n\u00e3o tem validade como matr\u00edcula, mas, sim, como um levantamento da Educa\u00e7\u00e3o Infantil para que o Munic\u00edpio possa ter um par\u00e2metro da atual demanda da cidade.<br><br>Sucem<br><br>O Sistema \u00danico de Cadastro e Encaminhamento para Matr\u00edcula (Sucem) tamb\u00e9m est\u00e1 com inscri\u00e7\u00f5es abertas at\u00e9 o dia 6 de novembro (segunda).<br><br>Este cadastro \u00e9 destinado aos estudantes da Rede Particular que t\u00eam a inten\u00e7\u00e3o de ingressar na Rede Estadual ou Municipal de Ensino.<br><br>O Sucem tamb\u00e9m abrange alunos que est\u00e3o cursando o 5\u00ba ou 9\u00ba ano do Ensino Fundamental, mas a Unidade de Ensino n\u00e3o ofertar\u00e1 em 2024 o ano de escolaridade seguinte, e para aqueles que pretendem retomar os estudos em 2024.<br><br>Os interessados devem preencher o cadastro no site (&nbsp;<a href=\"http:\/\/www.cadastroescolar.educacao.mg.gov.br\/\" target=\"_blank\" rel=\"noreferrer noopener\">www.cadastroescolar.educacao.mg.gov.br<\/a>&nbsp;).<br><br>O resultado e encaminhamentos dos estudantes para a matr\u00edcula est\u00e1 previsto para dia 5 de dezembro.<br><br>Mais informa\u00e7\u00f5es, pelo telefone (34) 3691-2000 ou na sede da Secretaria Municipal de Educa\u00e7\u00e3o &#8211; av. Ros\u00e1lia Isaura de Ara\u00fajo, 275, no Centro Administrativo.<\/p>\n","protected":false},"excerpt":{"rendered":"<p>A Secretaria Municipal de Educa\u00e7\u00e3o informa que inicia o Cadastro Escolar para crian\u00e7as a partir de 4 meses at\u00e9 5<\/p>\n","protected":false},"author":2,"featured_media":6535,"comment_status":"open","ping_status":"open","sticky":false,"template":"","format":"standard","meta":{"footnotes":""},"categories":[9,11,13],"tags":[],"class_list":["post-6534","post","type-post","status-publish","format-standard","has-post-thumbnail","hentry","category-araxa","category-destaques","category-educacao"],"_links":{"self":[{"href":"http:\/\/blogdoarmindomaia.com.br\/index.php?rest_route=\/wp\/v2\/posts\/6534","targetHints":{"allow":["GET"]}}],"collection":[{"href":"http:\/\/blogdoarmindomaia.com.br\/index.php?rest_route=\/wp\/v2\/posts"}],"about":[{"href":"http:\/\/blogdoarmindomaia.com.br\/index.php?rest_route=\/wp\/v2\/types\/post"}],"author":[{"embeddable":true,"href":"http:\/\/blogdoarmindomaia.com.br\/index.php?rest_route=\/wp\/v2\/users\/2"}],"replies":[{"embeddable":true,"href":"http:\/\/blogdoarmindomaia.com.br\/index.php?rest_route=%2Fwp%2Fv2%2Fcomments&post=6534"}],"version-history":[{"count":1,"href":"http:\/\/blogdoarmindomaia.com.br\/index.php?rest_route=\/wp\/v2\/posts\/6534\/revisions"}],"predecessor-version":[{"id":6536,"href":"http:\/\/blogdoarmindomaia.com.br\/index.php?rest_route=\/wp\/v2\/posts\/6534\/revisions\/6536"}],"wp:featuredmedia":[{"embeddable":true,"href":"http:\/\/blogdoarmindomaia.com.br\/index.php?rest_route=\/wp\/v2\/media\/6535"}],"wp:attachment":[{"href":"http:\/\/blogdoarmindomaia.com.br\/index.php?rest_route=%2Fwp%2Fv2%2Fmedia&parent=6534"}],"wp:term":[{"taxonomy":"category","embeddable":true,"href":"http:\/\/blogdoarmindomaia.com.br\/index.php?rest_route=%2Fwp%2Fv2%2Fcategories&post=6534"},{"taxonomy":"post_tag","embeddable":true,"href":"http:\/\/blogdoarmindomaia.com.br\/index.php?rest_route=%2Fwp%2Fv2%2Ftags&post=6534"}],"curies":[{"name":"wp","href":"https:\/\/api.w.org\/{rel}","templated":true}]}}