{"id":6553,"date":"2023-11-06T14:59:35","date_gmt":"2023-11-06T17:59:35","guid":{"rendered":"http:\/\/blogdoarmindomaia.com.br\/?p=6553"},"modified":"2023-11-06T14:59:37","modified_gmt":"2023-11-06T17:59:37","slug":"novembro-azul-saude-reforca-a-importancia-da-prevencao-do-cancer-de-prostata","status":"publish","type":"post","link":"http:\/\/blogdoarmindomaia.com.br\/?p=6553","title":{"rendered":"Novembro Azul: Sa\u00fade refor\u00e7a a import\u00e2ncia da preven\u00e7\u00e3o do c\u00e2ncer de pr\u00f3stata"},"content":{"rendered":"\n<figure class=\"wp-block-image size-full is-style-default\"><img loading=\"lazy\" decoding=\"async\" width=\"800\" height=\"800\" src=\"http:\/\/blogdoarmindomaia.com.br\/wp-content\/uploads\/2023\/11\/Novembro-Azul-pag-06.png\" alt=\"\" class=\"wp-image-6554\" srcset=\"http:\/\/blogdoarmindomaia.com.br\/wp-content\/uploads\/2023\/11\/Novembro-Azul-pag-06.png 800w, http:\/\/blogdoarmindomaia.com.br\/wp-content\/uploads\/2023\/11\/Novembro-Azul-pag-06-300x300.png 300w, http:\/\/blogdoarmindomaia.com.br\/wp-content\/uploads\/2023\/11\/Novembro-Azul-pag-06-150x150.png 150w, http:\/\/blogdoarmindomaia.com.br\/wp-content\/uploads\/2023\/11\/Novembro-Azul-pag-06-768x768.png 768w\" sizes=\"auto, (max-width: 800px) 100vw, 800px\" \/><\/figure>\n\n\n\n<p>A sa\u00fade deve ser levada a s\u00e9rio durante todo o ano e a melhor forma de evitar doen\u00e7as \u00e9 a preven\u00e7\u00e3o adequada.&nbsp;<\/p>\n\n\n\n<p>A campanha Juntos pela Preven\u00e7\u00e3o, voltada para o cuidado integral da sa\u00fade do homem e da mulher, faz esse alerta, em especial no Outubro Rosa, pela preven\u00e7\u00e3o do c\u00e2ncer de mama e de colo de \u00fatero, e Novembro Azul, pela preven\u00e7\u00e3o do c\u00e2ncer de pr\u00f3stata. &nbsp;<\/p>\n\n\n\n<p>Com a chegada do m\u00eas de novembro, a&nbsp;<a href=\"https:\/\/www.saude.mg.gov.br\/\" target=\"_blank\" rel=\"noreferrer noopener\">Secretaria de Estado de Sa\u00fade de Minas Gerais (SES-MG)<\/a>&nbsp;chama a aten\u00e7\u00e3o da popula\u00e7\u00e3o masculina.&nbsp;<\/p>\n\n\n\n<p>De acordo com Instituto Nacional de C\u00e2ncer (Inca), no Brasil, o c\u00e2ncer de pr\u00f3stata \u00e9 o segundo mais comum entre os homens, atr\u00e1s apenas do c\u00e2ncer de pele n\u00e3o melanoma.&nbsp;<\/p>\n\n\n\n<p>H\u00e1 uma incid\u00eancia maior em idosos, cerca de 75% dos casos no mundo ocorrem a partir dos 65 anos, mas alguns desses tumores podem crescer de forma r\u00e1pida, e comprometer outros \u00f3rg\u00e3os evoluindo \u00e0 morte.<\/p>\n\n\n\n<p>Em 2023, de acordo com estimativa feita pelo Inca, s\u00e3o esperados 7.970 novos casos de c\u00e2ncer de pr\u00f3stata, em Minas Gerais, com a taxa bruta de 74,85 casos novos por 100 mil homens.&nbsp;<\/p>\n\n\n\n<p>Nos \u00faltimos quatro anos, mais de 5,8 mil homens morreram por conta do c\u00e2ncer de pr\u00f3stata, no estado.&nbsp;<\/p>\n\n\n\n<p>Em 2020, foram 1.594 \u00f3bitos, seguidos por 1.672 em 2021, 1.680 em 2022 e, em 2023, at\u00e9 julho, foram 892 \u00f3bitos.<\/p>\n\n\n\n<p><strong>Sintomas<\/strong><\/p>\n\n\n\n<p>Pelo alcance da doen\u00e7a, mesmo na aus\u00eancia de sintomas, homens a partir dos 40 anos com fatores de risco, ou 50 anos sem estes fatores, devem ir ao urologista para conversar sobre o exame de toque retal, que permite ao m\u00e9dico avaliar altera\u00e7\u00f5es da gl\u00e2ndula, como endurecimento e presen\u00e7a de n\u00f3dulos suspeitos, e sobre o exame de sangue PSA (ant\u00edgeno prost\u00e1tico espec\u00edfico).&nbsp;<\/p>\n\n\n\n<p>Cerca de 20% dos pacientes com c\u00e2ncer de pr\u00f3stata s\u00e3o diagnosticados somente pela altera\u00e7\u00e3o no toque retal.<\/p>\n\n\n\n<p>Al\u00e9m de incentivar o cuidado acerca do diagn\u00f3stico do c\u00e2ncer de pr\u00f3stata, a SES-MG atua para sensibilizar a popula\u00e7\u00e3o masculina, gestores e profissionais de sa\u00fade quanto ao autocuidado e cuidado integral, considerando os fatores socioculturais relacionados \u00e0 masculinidade, que repercutem sobre as condi\u00e7\u00f5es de sa\u00fade dessa popula\u00e7\u00e3o.<\/p>\n\n\n\n<p>As Unidades B\u00e1sicas de Sa\u00fade (UBS), presentes em todos os munic\u00edpios mineiros, s\u00e3o as portas de entradas e ordenadoras do cuidado do Sistema \u00danico de Sa\u00fade (SUS).&nbsp;<\/p>\n\n\n\n<p>\u201cOs dados da Sociedade Brasileira de Urologia apontam que os homens, muitas vezes, deixam para procurar os m\u00e9dicos apenas quando j\u00e1 t\u00eam sintomas mais graves, com doen\u00e7as j\u00e1 em est\u00e1gio avan\u00e7ado&#8221;, alerta a subsecret\u00e1ria de Redes de Aten\u00e7\u00e3o \u00e0 Sa\u00fade da SES-MG, Camila Moreira de Castro.&nbsp;<\/p>\n\n\n\n<p>&#8220;Da\u00ed a import\u00e2ncia do acompanhamento m\u00e9dico e profissional junto \u00e0s Unidades B\u00e1sicas de Sa\u00fade porque isso ajuda a prevenir doen\u00e7as, destaca.<\/p>\n\n\n\n<p>A refer\u00eancia lembra ainda que, em fase inicial, o c\u00e2ncer da pr\u00f3stata tem evolu\u00e7\u00e3o silenciosa.&nbsp;<\/p>\n\n\n\n<p>Da\u00ed a extrema import\u00e2nica de o homem procurar uma UBS ao surgirem sintomas como dificuldade de urinar, diminui\u00e7\u00e3o do jato de urina, necessidade de urinar mais vezes durante o dia ou \u00e0 noite ou sangue na urina.<\/p>\n\n\n\n<p><strong>Exames e tratamento<\/strong> A SES-MG destaca que o SUS oferece exames cl\u00ednicos, laboratoriais, endosc\u00f3picos e radiol\u00f3gicos, al\u00e9m de procedimentos cir\u00fargicos e tratamento em hospitais habilitados em oncologia.&nbsp;<br><br>Entre os exames est\u00e3o: bi\u00f3psia de pr\u00f3stata, ultrassonografia de pr\u00f3stata por via abdominal, ultrassonografia de prostata (via transretal) e a dosagem de ant\u00edgeno prost\u00e1tico espec\u00edfico.<br><br>De acordo com o Minist\u00e9rio da Sa\u00fade, o tratamento do c\u00e2ncer de pr\u00f3stata \u00e9 feito por meio de uma ou v\u00e1rias abordagens, que podem ser combinadas ou n\u00e3o.&nbsp;<br><br>A escolha do melhor tratamento \u00e9 feita individualmente, por m\u00e9dico especializado, caso a caso, ap\u00f3s definir quais os riscos, benef\u00edcios e melhores resultados para cada paciente, conforme est\u00e1gio da doen\u00e7a e condi\u00e7\u00f5es cl\u00ednicas do paciente.<br><\/p>\n","protected":false},"excerpt":{"rendered":"<p>A sa\u00fade deve ser levada a s\u00e9rio durante todo o ano e a melhor forma de evitar doen\u00e7as \u00e9 a<\/p>\n","protected":false},"author":2,"featured_media":6554,"comment_status":"open","ping_status":"open","sticky":false,"template":"","format":"standard","meta":{"footnotes":""},"categories":[9,11],"tags":[],"class_list":["post-6553","post","type-post","status-publish","format-standard","has-post-thumbnail","hentry","category-araxa","category-destaques"],"_links":{"self":[{"href":"http:\/\/blogdoarmindomaia.com.br\/index.php?rest_route=\/wp\/v2\/posts\/6553","targetHints":{"allow":["GET"]}}],"collection":[{"href":"http:\/\/blogdoarmindomaia.com.br\/index.php?rest_route=\/wp\/v2\/posts"}],"about":[{"href":"http:\/\/blogdoarmindomaia.com.br\/index.php?rest_route=\/wp\/v2\/types\/post"}],"author":[{"embeddable":true,"href":"http:\/\/blogdoarmindomaia.com.br\/index.php?rest_route=\/wp\/v2\/users\/2"}],"replies":[{"embeddable":true,"href":"http:\/\/blogdoarmindomaia.com.br\/index.php?rest_route=%2Fwp%2Fv2%2Fcomments&post=6553"}],"version-history":[{"count":1,"href":"http:\/\/blogdoarmindomaia.com.br\/index.php?rest_route=\/wp\/v2\/posts\/6553\/revisions"}],"predecessor-version":[{"id":6555,"href":"http:\/\/blogdoarmindomaia.com.br\/index.php?rest_route=\/wp\/v2\/posts\/6553\/revisions\/6555"}],"wp:featuredmedia":[{"embeddable":true,"href":"http:\/\/blogdoarmindomaia.com.br\/index.php?rest_route=\/wp\/v2\/media\/6554"}],"wp:attachment":[{"href":"http:\/\/blogdoarmindomaia.com.br\/index.php?rest_route=%2Fwp%2Fv2%2Fmedia&parent=6553"}],"wp:term":[{"taxonomy":"category","embeddable":true,"href":"http:\/\/blogdoarmindomaia.com.br\/index.php?rest_route=%2Fwp%2Fv2%2Fcategories&post=6553"},{"taxonomy":"post_tag","embeddable":true,"href":"http:\/\/blogdoarmindomaia.com.br\/index.php?rest_route=%2Fwp%2Fv2%2Ftags&post=6553"}],"curies":[{"name":"wp","href":"https:\/\/api.w.org\/{rel}","templated":true}]}}