{"id":6556,"date":"2023-11-06T15:02:29","date_gmt":"2023-11-06T18:02:29","guid":{"rendered":"http:\/\/blogdoarmindomaia.com.br\/?p=6556"},"modified":"2023-11-06T15:02:31","modified_gmt":"2023-11-06T18:02:31","slug":"vice-mateus-simoes-assina-na-franca-protocolo-com-a-warner-bros-para-araxa-sediar-mundial-de-mtb","status":"publish","type":"post","link":"http:\/\/blogdoarmindomaia.com.br\/?p=6556","title":{"rendered":"Vice Mateus Sim\u00f5es assina na Fran\u00e7a protocolo com a Warner Bros para Arax\u00e1 sediar Mundial de MTB"},"content":{"rendered":"\n<figure class=\"wp-block-image size-full is-style-default\"><img loading=\"lazy\" decoding=\"async\" width=\"940\" height=\"350\" src=\"http:\/\/blogdoarmindomaia.com.br\/wp-content\/uploads\/2023\/11\/Vice-Mateus-Simoes-assina-na-Franca-protocolo-com-a-Warner-Bros-pag-07.jpg\" alt=\"\" class=\"wp-image-6557\" srcset=\"http:\/\/blogdoarmindomaia.com.br\/wp-content\/uploads\/2023\/11\/Vice-Mateus-Simoes-assina-na-Franca-protocolo-com-a-Warner-Bros-pag-07.jpg 940w, http:\/\/blogdoarmindomaia.com.br\/wp-content\/uploads\/2023\/11\/Vice-Mateus-Simoes-assina-na-Franca-protocolo-com-a-Warner-Bros-pag-07-300x112.jpg 300w, http:\/\/blogdoarmindomaia.com.br\/wp-content\/uploads\/2023\/11\/Vice-Mateus-Simoes-assina-na-Franca-protocolo-com-a-Warner-Bros-pag-07-768x286.jpg 768w\" sizes=\"auto, (max-width: 940px) 100vw, 940px\" \/><\/figure>\n\n\n\n<p>&nbsp;Em visita t\u00e9cnica oficial na Fran\u00e7a, o vice-governador de Minas, Professor Mateus, e o secret\u00e1rio de Estado de<a href=\"http:\/\/www.secult.mg.gov.br\/\" target=\"_blank\" rel=\"noreferrer noopener\">&nbsp;Cultura e Turismo (Secult)<\/a>, Le\u00f4nidas Oliveira, assinaram, no s\u00e1bado (4\/11), em Paris, protocolo de inten\u00e7\u00f5es com a Warner Bros. Discovery Sports para que a cidade de Arax\u00e1, na regi\u00e3o do Alto Parana\u00edba, seja uma das sedes da Copa do Mundo de Mountain Bike no pr\u00f3ximo ano. Esta ser\u00e1 a primeira vez que o campeonato ter\u00e1 disputa no estado.<br><br>A Copa do Mundo de Mountain Bike \u00e9 promovida pela Warner Bros. Discovery e a Uni\u00e3o Cicl\u00edstica Internacional (UCI). A etapa do torneio a ser realizada em Arax\u00e1 ficar\u00e1 sob responsabilidade dos organizadores da Copa Internacional de Mountain Bike no Brasil (CIMTB).<br><br>\u201cConseguimos negociar com a Warner para que uma etapa do mundial fosse para Minas Gerais, e a cidade escolhida foi Arax\u00e1. Somente de equipe t\u00e9cnica, s\u00e3o 150 pessoas que v\u00e3o para l\u00e1, al\u00e9m de todos os esportistas, suas equipes, turistas\u201d, ressaltou Professor Mateus.<br><br>\u201cIsso \u00e9 gera\u00e7\u00e3o de emprego e qualifica\u00e7\u00e3o para a regi\u00e3o como um todo: para a Serra da Canastra, onde h\u00e1 trilhas; e para o Tri\u00e2ngulo e Alto Parana\u00edba, que v\u00e3o mostrar para o mundo todos os seus cen\u00e1rios naturais e realidade culturais. Essa \u00e9 mais uma a\u00e7\u00e3o para continuar colocando Minas Gerais no lugar em que deve estar: como refer\u00eancia na recep\u00e7\u00e3o, na sua cultura, na promo\u00e7\u00e3o da sua&nbsp;gastronomia\u201d, completou o vice-governador.<br><br>Na Fran\u00e7a, o vice-governador e o secret\u00e1rio foram recebidos por Chris Ball, vice-presidente de Eventos de Ciclismo, e R\u00e9mi Trapero, gerente de Vendas Internacionais para Am\u00e9rica Latina, ambos da Warner Bros. Discovery Sports.<br><br><strong>Refer\u00eancia<\/strong><br><br>O munic\u00edpio da regi\u00e3o do Alto Parana\u00edba, especificamente, \u00e9 reconhecido por ter uma das principais pistas da Am\u00e9rica Latina e, conforme o cronograma, ser\u00e1 a base de uma das etapas do torneio internacional, precisamente a segunda, entre 19 e 21\/4\/2024. Ao todo, ser\u00e3o 14 fases, com mais uma no Brasil, em Mairipor\u00e3 (SP).<br><br>Na cidade, haver\u00e1 a disputa de duas categorias, denominadas Elite e Sub-23, ambas concorridas por atletas homens e mulheres. A expectativa \u00e9 a de que a Copa do Mundo de Mountain Bike re\u00fana em Arax\u00e1 mais de 500 atletas de cerca de 42 pa\u00edses.<br><br>Al\u00e9m disso, jornalistas de todo o mundo s\u00e3o esperados para a cobertura da etapa, o que contribui para promover Minas Gerais internacionalmente e refor\u00e7ar o estado como destino do turismo de esportes e de aventura.<br><br>\u201cArax\u00e1 tem um hist\u00f3rico muito grande de acolher grandes etapas internacionais de mountain bike. Com parceiros locais e o&nbsp;<a href=\"http:\/\/www.mg.gov.br\/\" target=\"_blank\" rel=\"noreferrer noopener\">Governo de Minas<\/a>, estamos trabalhando neste maravilhoso projeto que vai nos permitir fazer um evento incr\u00edvel e tamb\u00e9m promover Minas Gerais\u201d, avaliou R\u00e9mi Trapero.<br><br>No \u2018curr\u00edculo\u2019, Arax\u00e1 j\u00e1 elenca participa\u00e7\u00f5es nas seletivas para os Jogos Ol\u00edmpicos de Pequim (2008), Londres (2012), Rio de Janeiro (2016) e T\u00f3quio (2020). Agora, como parte da prepara\u00e7\u00e3o para Paris (2024), a proje\u00e7\u00e3o \u00e9 de movimenta\u00e7\u00e3o de mais de R$ 4 milh\u00f5es no munic\u00edpio e cidades pr\u00f3ximas, de acordo com a Arax\u00e1 Convention &amp; Visitors Bureau.<br><br><strong>Mobiliza\u00e7\u00e3o<\/strong><br><br>A assinatura do protocolo \u00e9 um desdobramento das tratativas iniciadas pelo Governo de Minas, via Secult, durante participa\u00e7\u00e3o, em maio, na IMEX Frankfurt 2023, uma das principais feiras mundiais de eventos, viagens e neg\u00f3cios. O evento reuniu mais de 3 mil expositores com a representatividade de cerca de cem pa\u00edses.<br><br>O apoio da Prefeitura de Arax\u00e1, da Assembleia Legislativa de Minas Gerais (ALMG) e dos realizadores da Copa Internacional de Mountain Bike no Brasil (CIMTB) viabilizou as etapas do projeto at\u00e9 a assinatura do protocolo, neste s\u00e1bado, com os representantes da Warner Bros. Discovery Sports.<br><br><strong>Turismo e esportes<\/strong><br><br>Dados divulgados pelo Minist\u00e9rio do Turismo, a partir da Pesquisa Nacional por Amostra de Domic\u00edlios (PNAD Cont\u00ednua Turismo) revelam que, em 2021, mais 363 mil turistas estiveram no Brasil a lazer e tiveram como motiva\u00e7\u00e3o praticar ou assistir esportes.<br><br>A pesquisa demonstra a import\u00e2ncia do segmento para o setor, fortalecendo a atividade tur\u00edstica que, por sua vez, impulsiona a gera\u00e7\u00e3o de emprego e renda em todas as regi\u00f5es mineiras.<\/p>\n","protected":false},"excerpt":{"rendered":"<p>&nbsp;Em visita t\u00e9cnica oficial na Fran\u00e7a, o vice-governador de Minas, Professor Mateus, e o secret\u00e1rio de Estado de&nbsp;Cultura e Turismo<\/p>\n","protected":false},"author":2,"featured_media":6557,"comment_status":"open","ping_status":"open","sticky":false,"template":"","format":"standard","meta":{"footnotes":""},"categories":[9,11,15],"tags":[],"class_list":["post-6556","post","type-post","status-publish","format-standard","has-post-thumbnail","hentry","category-araxa","category-destaques","category-esportes"],"_links":{"self":[{"href":"http:\/\/blogdoarmindomaia.com.br\/index.php?rest_route=\/wp\/v2\/posts\/6556","targetHints":{"allow":["GET"]}}],"collection":[{"href":"http:\/\/blogdoarmindomaia.com.br\/index.php?rest_route=\/wp\/v2\/posts"}],"about":[{"href":"http:\/\/blogdoarmindomaia.com.br\/index.php?rest_route=\/wp\/v2\/types\/post"}],"author":[{"embeddable":true,"href":"http:\/\/blogdoarmindomaia.com.br\/index.php?rest_route=\/wp\/v2\/users\/2"}],"replies":[{"embeddable":true,"href":"http:\/\/blogdoarmindomaia.com.br\/index.php?rest_route=%2Fwp%2Fv2%2Fcomments&post=6556"}],"version-history":[{"count":1,"href":"http:\/\/blogdoarmindomaia.com.br\/index.php?rest_route=\/wp\/v2\/posts\/6556\/revisions"}],"predecessor-version":[{"id":6558,"href":"http:\/\/blogdoarmindomaia.com.br\/index.php?rest_route=\/wp\/v2\/posts\/6556\/revisions\/6558"}],"wp:featuredmedia":[{"embeddable":true,"href":"http:\/\/blogdoarmindomaia.com.br\/index.php?rest_route=\/wp\/v2\/media\/6557"}],"wp:attachment":[{"href":"http:\/\/blogdoarmindomaia.com.br\/index.php?rest_route=%2Fwp%2Fv2%2Fmedia&parent=6556"}],"wp:term":[{"taxonomy":"category","embeddable":true,"href":"http:\/\/blogdoarmindomaia.com.br\/index.php?rest_route=%2Fwp%2Fv2%2Fcategories&post=6556"},{"taxonomy":"post_tag","embeddable":true,"href":"http:\/\/blogdoarmindomaia.com.br\/index.php?rest_route=%2Fwp%2Fv2%2Ftags&post=6556"}],"curies":[{"name":"wp","href":"https:\/\/api.w.org\/{rel}","templated":true}]}}