{"id":6559,"date":"2023-11-06T15:18:30","date_gmt":"2023-11-06T18:18:30","guid":{"rendered":"http:\/\/blogdoarmindomaia.com.br\/?p=6559"},"modified":"2023-11-06T15:18:33","modified_gmt":"2023-11-06T18:18:33","slug":"alunos-dos-3o-anos-do-csd-visitam-o-memorial-da-escrita-e-imprensa-de-araxa","status":"publish","type":"post","link":"http:\/\/blogdoarmindomaia.com.br\/?p=6559","title":{"rendered":"Alunos dos 3\u00ba anos do CSD visitam o Memorial da Escrita e Imprensa de Arax\u00e1"},"content":{"rendered":"\n<figure class=\"wp-block-image size-large is-style-default\"><img loading=\"lazy\" decoding=\"async\" width=\"1024\" height=\"768\" src=\"http:\/\/blogdoarmindomaia.com.br\/wp-content\/uploads\/2023\/11\/alunos-do-CSD-no-Memorial-da-Escrita-e-Imprensa-1024x768.jpg\" alt=\"\" class=\"wp-image-6560\" srcset=\"http:\/\/blogdoarmindomaia.com.br\/wp-content\/uploads\/2023\/11\/alunos-do-CSD-no-Memorial-da-Escrita-e-Imprensa-1024x768.jpg 1024w, http:\/\/blogdoarmindomaia.com.br\/wp-content\/uploads\/2023\/11\/alunos-do-CSD-no-Memorial-da-Escrita-e-Imprensa-300x225.jpg 300w, http:\/\/blogdoarmindomaia.com.br\/wp-content\/uploads\/2023\/11\/alunos-do-CSD-no-Memorial-da-Escrita-e-Imprensa-768x576.jpg 768w, http:\/\/blogdoarmindomaia.com.br\/wp-content\/uploads\/2023\/11\/alunos-do-CSD-no-Memorial-da-Escrita-e-Imprensa.jpg 1280w\" sizes=\"auto, (max-width: 1024px) 100vw, 1024px\" \/><\/figure>\n\n\n\n<p><\/p>\n\n\n\n<figure class=\"wp-block-image size-large is-style-default\"><img loading=\"lazy\" decoding=\"async\" width=\"1024\" height=\"576\" src=\"http:\/\/blogdoarmindomaia.com.br\/wp-content\/uploads\/2023\/11\/Alunos-do-CSD-visitam-o-Memorial-da-Escrita-e-Imprensa-de-Araxa-pag-05-1024x576.jpg\" alt=\"\" class=\"wp-image-6561\" srcset=\"http:\/\/blogdoarmindomaia.com.br\/wp-content\/uploads\/2023\/11\/Alunos-do-CSD-visitam-o-Memorial-da-Escrita-e-Imprensa-de-Araxa-pag-05-1024x576.jpg 1024w, http:\/\/blogdoarmindomaia.com.br\/wp-content\/uploads\/2023\/11\/Alunos-do-CSD-visitam-o-Memorial-da-Escrita-e-Imprensa-de-Araxa-pag-05-300x169.jpg 300w, http:\/\/blogdoarmindomaia.com.br\/wp-content\/uploads\/2023\/11\/Alunos-do-CSD-visitam-o-Memorial-da-Escrita-e-Imprensa-de-Araxa-pag-05-768x432.jpg 768w, http:\/\/blogdoarmindomaia.com.br\/wp-content\/uploads\/2023\/11\/Alunos-do-CSD-visitam-o-Memorial-da-Escrita-e-Imprensa-de-Araxa-pag-05-1536x864.jpg 1536w, http:\/\/blogdoarmindomaia.com.br\/wp-content\/uploads\/2023\/11\/Alunos-do-CSD-visitam-o-Memorial-da-Escrita-e-Imprensa-de-Araxa-pag-05.jpg 1600w\" sizes=\"auto, (max-width: 1024px) 100vw, 1024px\" \/><\/figure>\n\n\n\n<p>A not\u00edcia de jornal \u00e9 o mais importante g\u00eanero da modalidade jornal\u00edstica, de car\u00e1ter informativo, atual e comum na vida cotidiana, presente em jornais, revistas, televis\u00e3o e Internet.&nbsp;<\/p>\n\n\n\n<p>Os alunos dos terceiros anos do Col\u00e9gio S\u00e3o Domingos estudaram as principais caracter\u00edsticas desse g\u00eanero e, para aprofundar&nbsp;seus conhecimentos nessa \u00e1rea, visitaram o Memorial da Escrita e Comunica\u00e7\u00e3o &#8211; Maur\u00edcio Rosa, onde tiveram oportunidade de conhecer um pouco da evolu\u00e7\u00e3o da escrita e das diversas m\u00e1quinas que, ao longo do tempo, contribu\u00edram para a divulga\u00e7\u00e3o das informa\u00e7\u00f5es. O trabalho com as antigas prensas de Gutemberg at\u00e9 as m\u00eddias digitais de hoje, impressionaram as crian\u00e7as, que tamb\u00e9m puderam perceber como o desenvolvimento das tecnologias na \u00e1rea da imprensa contribu\u00edram para o aumento de materiais impressos e a difus\u00e3o da informa\u00e7\u00e3o e do conhecimento.<\/p>\n\n\n\n<p>O diretor do Memorial Maur\u00edcio Castro e o monitor Paulinho, explicar\u00e3o com detalhes, o desenvolvimento jornal\u00edstico em nossa cidade. Segundo a professora Elis Regina, \u201cos resultados positivos e a motiva\u00e7\u00e3o dos alunos s\u00e3o testemunhos da efic\u00e1cia desta iniciativa educacional inovadora.&nbsp; \u00c0 medida que olhamos para o futuro, o pr\u00f3ximo passo \u00e9 claro: continuar a nutrir essa paix\u00e3o pelo jornalismo e pelo aprendizado de nossas crian\u00e7as\u201d.<\/p>\n","protected":false},"excerpt":{"rendered":"<p>A not\u00edcia de jornal \u00e9 o mais importante g\u00eanero da modalidade jornal\u00edstica, de car\u00e1ter informativo, atual e comum na vida<\/p>\n","protected":false},"author":2,"featured_media":6560,"comment_status":"open","ping_status":"open","sticky":false,"template":"","format":"standard","meta":{"footnotes":""},"categories":[9,5,11],"tags":[],"class_list":["post-6559","post","type-post","status-publish","format-standard","has-post-thumbnail","hentry","category-araxa","category-arte-e-cultura","category-destaques"],"_links":{"self":[{"href":"http:\/\/blogdoarmindomaia.com.br\/index.php?rest_route=\/wp\/v2\/posts\/6559","targetHints":{"allow":["GET"]}}],"collection":[{"href":"http:\/\/blogdoarmindomaia.com.br\/index.php?rest_route=\/wp\/v2\/posts"}],"about":[{"href":"http:\/\/blogdoarmindomaia.com.br\/index.php?rest_route=\/wp\/v2\/types\/post"}],"author":[{"embeddable":true,"href":"http:\/\/blogdoarmindomaia.com.br\/index.php?rest_route=\/wp\/v2\/users\/2"}],"replies":[{"embeddable":true,"href":"http:\/\/blogdoarmindomaia.com.br\/index.php?rest_route=%2Fwp%2Fv2%2Fcomments&post=6559"}],"version-history":[{"count":1,"href":"http:\/\/blogdoarmindomaia.com.br\/index.php?rest_route=\/wp\/v2\/posts\/6559\/revisions"}],"predecessor-version":[{"id":6562,"href":"http:\/\/blogdoarmindomaia.com.br\/index.php?rest_route=\/wp\/v2\/posts\/6559\/revisions\/6562"}],"wp:featuredmedia":[{"embeddable":true,"href":"http:\/\/blogdoarmindomaia.com.br\/index.php?rest_route=\/wp\/v2\/media\/6560"}],"wp:attachment":[{"href":"http:\/\/blogdoarmindomaia.com.br\/index.php?rest_route=%2Fwp%2Fv2%2Fmedia&parent=6559"}],"wp:term":[{"taxonomy":"category","embeddable":true,"href":"http:\/\/blogdoarmindomaia.com.br\/index.php?rest_route=%2Fwp%2Fv2%2Fcategories&post=6559"},{"taxonomy":"post_tag","embeddable":true,"href":"http:\/\/blogdoarmindomaia.com.br\/index.php?rest_route=%2Fwp%2Fv2%2Ftags&post=6559"}],"curies":[{"name":"wp","href":"https:\/\/api.w.org\/{rel}","templated":true}]}}