{"id":6572,"date":"2023-11-08T14:33:04","date_gmt":"2023-11-08T17:33:04","guid":{"rendered":"http:\/\/blogdoarmindomaia.com.br\/?p=6572"},"modified":"2023-11-08T14:33:06","modified_gmt":"2023-11-08T17:33:06","slug":"premio-futebol-araxa-2022-acontece-nesta-sexta-10","status":"publish","type":"post","link":"http:\/\/blogdoarmindomaia.com.br\/?p=6572","title":{"rendered":"Pr\u00eamio Futebol Arax\u00e1 2022 acontece nesta sexta, 10"},"content":{"rendered":"\n<figure class=\"wp-block-image size-full is-style-default\"><img loading=\"lazy\" decoding=\"async\" width=\"882\" height=\"968\" src=\"http:\/\/blogdoarmindomaia.com.br\/wp-content\/uploads\/2023\/11\/Claudio-Macedo-recebendo-o-Premio-Futebol-Araxa-2018.jpg\" alt=\"\" class=\"wp-image-6573\" srcset=\"http:\/\/blogdoarmindomaia.com.br\/wp-content\/uploads\/2023\/11\/Claudio-Macedo-recebendo-o-Premio-Futebol-Araxa-2018.jpg 882w, http:\/\/blogdoarmindomaia.com.br\/wp-content\/uploads\/2023\/11\/Claudio-Macedo-recebendo-o-Premio-Futebol-Araxa-2018-273x300.jpg 273w, http:\/\/blogdoarmindomaia.com.br\/wp-content\/uploads\/2023\/11\/Claudio-Macedo-recebendo-o-Premio-Futebol-Araxa-2018-768x843.jpg 768w\" sizes=\"auto, (max-width: 882px) 100vw, 882px\" \/><\/figure>\n\n\n\n<p>A temporada esportiva araxaense ter\u00e1 o seu grande momento nesta sexta-feira, 10, \u00e0s 20&nbsp;horas com a realiza\u00e7\u00e3o do grande evento esportivo araxense: Pr\u00eamio Futebol Arax\u00e1. A premia\u00e7\u00e3o, que foi criada pelo Futebol Arax\u00e1 e \u00e9 organizada e executada com v\u00e1rias parcerias privadas, ter\u00e1 nesta edi\u00e7\u00e3o como grande homenageado o saudoso ex-jogador do Arax\u00e1 Esporte, Cl\u00e1udio Macedo. Todos os grandes destaques do esporte ir\u00e3o levar para casa o Trof\u00e9u Cl\u00e1udio Macedo \u201cMelhores do Esporte\u201d. E ser\u00e1 uma noite ainda mais especial por se tratar da abertura oficial das comemora\u00e7\u00f5es dos 15 anos do Futebol Arax\u00e1.<\/p>\n\n\n\n<p>O&nbsp;evento ter\u00e1 transmiss\u00e3o ao vivo pelo futebolaraxa.com.br, para que todos possam acompanhar este grande momento esportivo.<\/p>\n\n\n\n<p>Ser\u00e3o premiados nesta edi\u00e7\u00e3o v\u00e1rios nomes que tiveram grande desempenho no Esporte Especializado, os campe\u00f5es do futebol amador de nossa cidade e tamb\u00e9m os melhores do Amador\u00e3o 2022. A aus\u00eancia nesta edi\u00e7\u00e3o ser\u00e1 a Sele\u00e7\u00e3o do Rural\u00e3o, j\u00e1 que a competi\u00e7\u00e3o acabou tendo alguns adiamentos de rodada nesta edi\u00e7\u00e3o e consequentemente a competi\u00e7\u00e3o n\u00e3o chegou ainda na fase semifinal, impossibilitando a vota\u00e7\u00e3o dos melhores dentro das regras impostas pela premia\u00e7\u00e3o.<\/p>\n\n\n\n<p>A sele\u00e7\u00e3o dos melhores do Amador\u00e3o volta a ter a emo\u00e7\u00e3o dos envelopes. Ser\u00e3o conhecidos os melhores de cada posi\u00e7\u00e3o na abertura dos envelopes. Mas este ano ainda ir\u00e1 reservar surpresas que somente ser\u00e3o conhecidas durante a premia\u00e7\u00e3o.<\/p>\n\n\n\n<p><strong>Claudio Macedo<\/strong><\/p>\n\n\n\n<p>Claudio Macedo era&nbsp;natural de S\u00e3o Paulo, nascido em 21 de janeiro de 1947 e come\u00e7ou a sua carreira como jogador de futebol no Palmeiras. Mas em 1970 surgiu o Goi\u00e1s em sua vida e carreira, conquistando o bicampeonato goiano em 71\/72. Claudio defendeu v\u00e1rias equipes do futebol brasileiro e teve duas passagens pelo alvinegro mais querido: uma em 1968 e outra em 1978 onde acabou adotando a cidade como seu lar. Era torcedor do Goi\u00e1s, mas tinha em seu cora\u00e7\u00e3o espa\u00e7o tamb\u00e9m para o Corinthians.<\/p>\n\n\n\n<p>Casado com Idim\u00e9ia Maria Lemos Macedo e pai de Renata Macedo de Siqueira e de Fernanda de Mello Macedo, Cl\u00e1udio foi treinador de v\u00e1rias equipes araxaenses, dentre elas D\u00ednamo, S\u00e3o Pedro e Gef. E apesar de ter sido campe\u00e3o com o Gef, foi com o D\u00ednamo que Claudio alcan\u00e7ou a harmonia dentro do futebol amador, contagiando de forma definitiva toda a sua fam\u00edlia que passou a ter na equipe o clube de cora\u00e7\u00e3o.<\/p>\n\n\n\n<p>Querido por todos dentro do futebol araxaense, Claudio Macedo faleceu em 12 de novembro de 2019 decorrente de complica\u00e7\u00f5es causadas por uma infec\u00e7\u00e3o renal, depois de ficar internado na UTI por alguns dias.<\/p>\n\n\n\n<p><strong>Homenageados:&nbsp;<\/strong><\/p>\n\n\n\n<p><strong>Melhores do Amador\u00e3o 2022:<\/strong><\/p>\n\n\n\n<p>Goleiros:<\/p>\n\n\n\n<ul class=\"wp-block-list\">\n<li>Helder Gardenal \u2013 Arach\u00e1s<\/li>\n\n\n\n<li>Jo\u00e3o Carlos \u2013 Amigos<\/li>\n\n\n\n<li>T\u00falio \u2013 Vila Nova<\/li>\n<\/ul>\n\n\n\n<p>Lateral Direito:<\/p>\n\n\n\n<ul class=\"wp-block-list\">\n<li>Helbert \u2013 Amigos<\/li>\n\n\n\n<li>Vall \u2013 Vila Nova<\/li>\n\n\n\n<li>Robert \u2013 Arach\u00e1s<\/li>\n<\/ul>\n\n\n\n<p>Zagueiros:<\/p>\n\n\n\n<ul class=\"wp-block-list\">\n<li>Fabr\u00edcio \u2013 Vila Nova<\/li>\n\n\n\n<li>Nego Dan \u2013 D\u00ednamo<\/li>\n\n\n\n<li>Conca \u2013 Cai\u00e7ara<\/li>\n\n\n\n<li>Emerson \u2013 Santa Terezinha<\/li>\n<\/ul>\n\n\n\n<p>Lateral Esquerdo:<\/p>\n\n\n\n<ul class=\"wp-block-list\">\n<li>Kelvin \u2013 D\u00ednamo<\/li>\n\n\n\n<li>Gugu \u2013 Gr\u00eamio Ibi\u00e1<\/li>\n\n\n\n<li>Adailton \u2013 Uni\u00e3o<\/li>\n<\/ul>\n\n\n\n<p>Meio de Campo:<\/p>\n\n\n\n<ul class=\"wp-block-list\">\n<li>Dalmer \u2013 Malvinas<\/li>\n\n\n\n<li>Murilo \u2013 Amigos<\/li>\n\n\n\n<li>Renato Augusto \u2013 D\u00ednamo<\/li>\n\n\n\n<li>Z\u00e9 Eur\u00edpedes \u2013 Vila Nova<\/li>\n\n\n\n<li>Pedro \u2013 Cai\u00e7ara<\/li>\n\n\n\n<li>Boi\u00e3o \u2013 Cai\u00e7ara<\/li>\n\n\n\n<li>Lucas Podolsk \u2013 Santa Terezinha<\/li>\n\n\n\n<li>Am\u00e2ncio \u2013 Cai\u00e7ara<\/li>\n<\/ul>\n\n\n\n<p>Atacantes:<\/p>\n\n\n\n<ul class=\"wp-block-list\">\n<li>Waguinho \u2013 Santa Terezinha<\/li>\n\n\n\n<li>Kau\u00e3 \u2013 Amigos<\/li>\n\n\n\n<li>Wesley \u2013 Cai\u00e7ara<\/li>\n\n\n\n<li>Victor \u2013 Malvinas<\/li>\n<\/ul>\n\n\n\n<p>Artilheiro:<\/p>\n\n\n\n<ul class=\"wp-block-list\">\n<li>Bebeto \u2013 Gr\u00eamio Ibi\u00e1<\/li>\n<\/ul>\n\n\n\n<p>Treinadores:<\/p>\n\n\n\n<ul class=\"wp-block-list\">\n<li>Diego Oliveira \u2013 Vila Nova<\/li>\n\n\n\n<li>Felipe Santos \u2013 Cai\u00e7ara<\/li>\n<\/ul>\n\n\n\n<p><strong>Melhor \u00e1rbitro de 2023:<\/strong><\/p>\n\n\n\n<ul class=\"wp-block-list\">\n<li>Charles Henrique<\/li>\n<\/ul>\n\n\n\n<p><strong>Melhores Assistentes de 2023:<\/strong><\/p>\n\n\n\n<ul class=\"wp-block-list\">\n<li>Washington C\u00e9sar<\/li>\n\n\n\n<li>S\u00e9rgio Maur\u00edcio<\/li>\n<\/ul>\n\n\n\n<p><strong>Melhor Representante de 2023:<\/strong><\/p>\n\n\n\n<ul class=\"wp-block-list\">\n<li>Abigail Vilar<\/li>\n<\/ul>\n\n\n\n<p><strong>Destaques da 4\u00aa Associa\u00e7\u00e3o de \u00c1rbitros:<\/strong><\/p>\n\n\n\n<ul class=\"wp-block-list\">\n<li>Noel Pereira<\/li>\n\n\n\n<li>L\u00edgia Fernanda<\/li>\n<\/ul>\n\n\n\n<p><strong>Homenagens Especiais:<\/strong><\/p>\n\n\n\n<ul class=\"wp-block-list\">\n<li>Jos\u00e9 Joaquim \u2013 S\u00e3o Pedro<\/li>\n\n\n\n<li>Ernane Ant\u00f4nio \u2013 Social<\/li>\n\n\n\n<li>Liga Araxaense de Desportos \u2013 competi\u00e7\u00f5es durante todo 2023<\/li>\n\n\n\n<li>Ednei \u2013 Homenagem Especial Grande Goleiro Araxaense<\/li>\n\n\n\n<li>Marcio Rog\u00e9rio Menezes \u2013 Organiza\u00e7\u00e3o da Copa AEF<\/li>\n\n\n\n<li>Gelson Luiz \u2013 Inova\u00e7\u00e3o no formato do Ronan Ferreira 2023<\/li>\n<\/ul>\n\n\n\n<p><strong>Esporte Especializado:<\/strong><\/p>\n\n\n\n<ul class=\"wp-block-list\">\n<li>Rog\u00e9rio Bernardes \u2013 Copa Internacional de Mountain Bike e apoiador da Etapa Arax\u00e1 da Copa do Mundo de MTB 2024<\/li>\n\n\n\n<li>Marli Tib\u00farcio \u2013 Jiu Jitsu<\/li>\n\n\n\n<li>Meninas de Ouro \u2013 Projeto V\u00f4lei<\/li>\n\n\n\n<li>Jane Porf\u00edrio \u2013 Tiro Esportivo<\/li>\n\n\n\n<li>Adriano Pena Ribeiro Lemos \u2013 Professor de Xadrez<\/li>\n\n\n\n<li>Amair de Ara\u00fajo \u2013 Coordenador do Projeto Paraol\u00edmpico da APAE<\/li>\n\n\n\n<li>Ra\u00e7\u00f5es Nutribom \u2013 Campe\u00e3o da Copa AEF 2023<\/li>\n<\/ul>\n\n\n\n<p><strong>Grande Homenageado da Noite:<\/strong><\/p>\n\n\n\n<ul class=\"wp-block-list\">\n<li>Claudio Macedo \u2013 Ex-jogador do Arax\u00e1 Esporte (Homenagem P\u00f3stuma)<\/li>\n<\/ul>\n\n\n\n<p><strong>Campe\u00f5es do futebol araxaense:<\/strong><\/p>\n\n\n\n<ul class=\"wp-block-list\">\n<li>Santa Terezinha \u2013 Campe\u00e3o da Copa Norte 2023<\/li>\n\n\n\n<li>D\u00ednamo \u2013 Campe\u00e3o da Copa dos Campe\u00f5es 2023<\/li>\n\n\n\n<li>Amigos \u2013 Campe\u00e3o da Copa Leste 2023<\/li>\n\n\n\n<li>Curva de Rio \u2013 Campe\u00e3o do Ronan Ferreira Rural\u00e3o 2023<\/li>\n\n\n\n<li>Est\u00e2ncia \u2013 Campe\u00e3o do Ronan Ferreira Amador 2023<\/li>\n\n\n\n<li>Arach\u00e1s \u2013 Campe\u00e3o da Copa Arax\u00e1 2023<\/li>\n\n\n\n<li>Vila Nova \u2013 Campe\u00e3o Amador 2022<\/li>\n\n\n\n<li>Uni\u00e3o \u2013 Campe\u00e3o da Copa Z\u00e9 Dunga 2023<\/li>\n\n\n\n<li>Vila Nova \u2013 Campe\u00e3o da Ta\u00e7a Cidade 2023<\/li>\n\n\n\n<li>Arax\u00e1 Master \u2013 Campe\u00e3o Master 2022<\/li>\n\n\n\n<li>Trianon \u2013 Campe\u00e3o J\u00fanior 2022<\/li>\n<\/ul>\n\n\n\n<p>Criado n\u00e3o para competir com outros eventos e apenas para&nbsp;<strong>somar<\/strong>&nbsp;ainda mais com o nosso esporte araxaense, o pr\u00eamio veio para fortalecer os la\u00e7os e estreitar a dist\u00e2ncia imprensa\/atleta fazendo com que os premiados se orgulhem ainda mais dentro do esporte. Um evento diferente e totalmente inovador em seu formato. Nossos agradecimentos mais do que especiais aos parceiros de 2022:&nbsp;M\u00e1rcio Menezes do<strong>&nbsp;M\u00e1rcio Buffet,<\/strong>&nbsp;a todos os membros da diretoria da<strong>&nbsp;AEF&nbsp;<\/strong>(em especial ao&nbsp;Edmur Oliveira Silva \u2013 Diretor Presidente, Gilberto Eur\u00edpedes Duarte-Diretor Administrativo,&nbsp;Ant\u00f4nio Ribeiro da Silva \u201cKapucho \u201d-Diretor Social e Marcio Rog\u00e9rio de Menezes \u2013 Gerente), ao&nbsp;Leonardo da&nbsp;<strong>Oficina da Imagem<\/strong>&nbsp;que realizar\u00e1 as fotografias e filmagem do evento, ao&nbsp;Pedro Moura da&nbsp;<strong>Plenna Engenharia<\/strong>&nbsp;e ao&nbsp;Jos\u00e9 Eduardo&nbsp;da&nbsp;<strong>Banca do Dudu e Dudu Presentes<\/strong>.&nbsp;Sem eles n\u00e3o seria poss\u00edvel a realiza\u00e7\u00e3o de mais este sonho dentro do nosso trabalho esportivo.<\/p>\n","protected":false},"excerpt":{"rendered":"<p>A temporada esportiva araxaense ter\u00e1 o seu grande momento nesta sexta-feira, 10, \u00e0s 20&nbsp;horas com a realiza\u00e7\u00e3o do grande evento<\/p>\n","protected":false},"author":2,"featured_media":6573,"comment_status":"open","ping_status":"open","sticky":false,"template":"","format":"standard","meta":{"footnotes":""},"categories":[9,11,15],"tags":[],"class_list":["post-6572","post","type-post","status-publish","format-standard","has-post-thumbnail","hentry","category-araxa","category-destaques","category-esportes"],"_links":{"self":[{"href":"http:\/\/blogdoarmindomaia.com.br\/index.php?rest_route=\/wp\/v2\/posts\/6572","targetHints":{"allow":["GET"]}}],"collection":[{"href":"http:\/\/blogdoarmindomaia.com.br\/index.php?rest_route=\/wp\/v2\/posts"}],"about":[{"href":"http:\/\/blogdoarmindomaia.com.br\/index.php?rest_route=\/wp\/v2\/types\/post"}],"author":[{"embeddable":true,"href":"http:\/\/blogdoarmindomaia.com.br\/index.php?rest_route=\/wp\/v2\/users\/2"}],"replies":[{"embeddable":true,"href":"http:\/\/blogdoarmindomaia.com.br\/index.php?rest_route=%2Fwp%2Fv2%2Fcomments&post=6572"}],"version-history":[{"count":1,"href":"http:\/\/blogdoarmindomaia.com.br\/index.php?rest_route=\/wp\/v2\/posts\/6572\/revisions"}],"predecessor-version":[{"id":6574,"href":"http:\/\/blogdoarmindomaia.com.br\/index.php?rest_route=\/wp\/v2\/posts\/6572\/revisions\/6574"}],"wp:featuredmedia":[{"embeddable":true,"href":"http:\/\/blogdoarmindomaia.com.br\/index.php?rest_route=\/wp\/v2\/media\/6573"}],"wp:attachment":[{"href":"http:\/\/blogdoarmindomaia.com.br\/index.php?rest_route=%2Fwp%2Fv2%2Fmedia&parent=6572"}],"wp:term":[{"taxonomy":"category","embeddable":true,"href":"http:\/\/blogdoarmindomaia.com.br\/index.php?rest_route=%2Fwp%2Fv2%2Fcategories&post=6572"},{"taxonomy":"post_tag","embeddable":true,"href":"http:\/\/blogdoarmindomaia.com.br\/index.php?rest_route=%2Fwp%2Fv2%2Ftags&post=6572"}],"curies":[{"name":"wp","href":"https:\/\/api.w.org\/{rel}","templated":true}]}}