{"id":6606,"date":"2023-11-13T15:45:30","date_gmt":"2023-11-13T18:45:30","guid":{"rendered":"http:\/\/blogdoarmindomaia.com.br\/?p=6606"},"modified":"2023-11-13T15:45:35","modified_gmt":"2023-11-13T18:45:35","slug":"termina-com-sucesso-o-festival-saberes-e-sabores","status":"publish","type":"post","link":"http:\/\/blogdoarmindomaia.com.br\/?p=6606","title":{"rendered":"Termina com sucesso o Festival Saberes e Sabores"},"content":{"rendered":"\n<figure class=\"wp-block-image size-large is-style-default\"><img loading=\"lazy\" decoding=\"async\" width=\"1024\" height=\"682\" src=\"http:\/\/blogdoarmindomaia.com.br\/wp-content\/uploads\/2023\/11\/Termina-com-sucesso-o-Festival-Saberes-e-Sabores-pag-12-1024x682.jpg\" alt=\"\" class=\"wp-image-6607\" srcset=\"http:\/\/blogdoarmindomaia.com.br\/wp-content\/uploads\/2023\/11\/Termina-com-sucesso-o-Festival-Saberes-e-Sabores-pag-12-1024x682.jpg 1024w, http:\/\/blogdoarmindomaia.com.br\/wp-content\/uploads\/2023\/11\/Termina-com-sucesso-o-Festival-Saberes-e-Sabores-pag-12-300x200.jpg 300w, http:\/\/blogdoarmindomaia.com.br\/wp-content\/uploads\/2023\/11\/Termina-com-sucesso-o-Festival-Saberes-e-Sabores-pag-12-768x512.jpg 768w, http:\/\/blogdoarmindomaia.com.br\/wp-content\/uploads\/2023\/11\/Termina-com-sucesso-o-Festival-Saberes-e-Sabores-pag-12-1536x1023.jpg 1536w, http:\/\/blogdoarmindomaia.com.br\/wp-content\/uploads\/2023\/11\/Termina-com-sucesso-o-Festival-Saberes-e-Sabores-pag-12.jpg 1600w\" sizes=\"auto, (max-width: 1024px) 100vw, 1024px\" \/><\/figure>\n\n\n\n<p>O p\u00e1tio da Funda\u00e7\u00e3o Cultural Calmon Barreto, bem no centro de Arax\u00e1, foi o espa\u00e7o da fam\u00edlia no fim de semana. O Festival Saberes e Sabores reuniu num s\u00f3 lugar a gastronomia, com suas comidas e bebidas t\u00edpicas, a literatura e a m\u00fasica com divers\u00e3o para todas as gera\u00e7\u00f5es. Segundo a organiza\u00e7\u00e3o, cerca de 10 mil pessoas participaram do evento nos quatro dias, movimentando o com\u00e9rcio e fomentando o turismo.<\/p>\n\n\n\n<p>As grandes chefs da cozinha mineira fizeram homenagem \u00e0s mulheres e ainda prepararam pratos inspirados nas influencias ind\u00edgenas, dos bandeirantes, tropeiros e imigrantes. Quem esteve nas oficinas aprendeu sobre bebidas especiais e os segredos da boa mesa.&nbsp; A culin\u00e1ria regional foi representada em 14 stands, cada um com sua especialidade. Pratos bem conhecidos como por exemplo, a paella caipira do Clube da Cozinha, ou o feij\u00e3o tropeiro, feito pelo comerciante Evaristo Malta, que elogiou o evento. \u201c \u00c9 uma iniciativa que valoriza o comercio local e com port\u00f5es abertos fica ainda melhor j\u00e1 re\u00fane toda a fam\u00edlia\u201d.<\/p>\n\n\n\n<p>E numa grande festa n\u00e3o pode faltar a m\u00fasica, que foi a atra\u00e7\u00e3o principal de todas noites, com o jazz, blues, rock, samba e choro. Para o m\u00fasico Thiago Martins, o festival valoriza o artista. \u201c A m\u00fasica instrumental n\u00e3o tem muito espa\u00e7o e quando a gente encontra abertura, como foi no Saberes e Sabores, \u00e9 mais um incentivo, uma for\u00e7a para continuar\u201d.<\/p>\n\n\n\n<p>Na avalia\u00e7\u00e3o do organizador Armando de Angelis, o Saberes e Sabores foi um sucesso. \u201c Os resultados superaram nossa expectativa e o que \u00e9 melhor, levamos artes, conhecimento, lazer e entretenimento para as fam\u00edlias e ao mesmo tempo valorizamos nossas ra\u00edzes, fortalecemos a nossa mineiridade, a cultura e a gastronomia das Gerais\u201d.<\/p>\n\n\n\n<p>O Festival Saberes e Sabores 2023 \u00e9 realizado por meio da Lei de Incentivo \u00e0 Cultura, do Governo Federal e tamb\u00e9m pela Lei Estadual de Incentivo \u00e0 Cultura, do Governo de Minas Gerais. Conta com o patroc\u00ednio master da Cemig e CBMM, al\u00e9m dos patroc\u00ednios da Rio Branco Energias, Zema e Stadt Jever. Apoios culturais de Virgilius Palace Hotel, Prefeitura Municipal de Arax\u00e1 e Funda\u00e7\u00e3o Cultural Calmon Barreto com a promo\u00e7\u00e3o de De Angelis Planejamento e Tri Ciclo Produ\u00e7\u00f5es.<\/p>\n","protected":false},"excerpt":{"rendered":"<p>O p\u00e1tio da Funda\u00e7\u00e3o Cultural Calmon Barreto, bem no centro de Arax\u00e1, foi o espa\u00e7o da fam\u00edlia no fim de<\/p>\n","protected":false},"author":2,"featured_media":6607,"comment_status":"open","ping_status":"open","sticky":false,"template":"","format":"standard","meta":{"footnotes":""},"categories":[9,5,11],"tags":[],"class_list":["post-6606","post","type-post","status-publish","format-standard","has-post-thumbnail","hentry","category-araxa","category-arte-e-cultura","category-destaques"],"_links":{"self":[{"href":"http:\/\/blogdoarmindomaia.com.br\/index.php?rest_route=\/wp\/v2\/posts\/6606","targetHints":{"allow":["GET"]}}],"collection":[{"href":"http:\/\/blogdoarmindomaia.com.br\/index.php?rest_route=\/wp\/v2\/posts"}],"about":[{"href":"http:\/\/blogdoarmindomaia.com.br\/index.php?rest_route=\/wp\/v2\/types\/post"}],"author":[{"embeddable":true,"href":"http:\/\/blogdoarmindomaia.com.br\/index.php?rest_route=\/wp\/v2\/users\/2"}],"replies":[{"embeddable":true,"href":"http:\/\/blogdoarmindomaia.com.br\/index.php?rest_route=%2Fwp%2Fv2%2Fcomments&post=6606"}],"version-history":[{"count":1,"href":"http:\/\/blogdoarmindomaia.com.br\/index.php?rest_route=\/wp\/v2\/posts\/6606\/revisions"}],"predecessor-version":[{"id":6608,"href":"http:\/\/blogdoarmindomaia.com.br\/index.php?rest_route=\/wp\/v2\/posts\/6606\/revisions\/6608"}],"wp:featuredmedia":[{"embeddable":true,"href":"http:\/\/blogdoarmindomaia.com.br\/index.php?rest_route=\/wp\/v2\/media\/6607"}],"wp:attachment":[{"href":"http:\/\/blogdoarmindomaia.com.br\/index.php?rest_route=%2Fwp%2Fv2%2Fmedia&parent=6606"}],"wp:term":[{"taxonomy":"category","embeddable":true,"href":"http:\/\/blogdoarmindomaia.com.br\/index.php?rest_route=%2Fwp%2Fv2%2Fcategories&post=6606"},{"taxonomy":"post_tag","embeddable":true,"href":"http:\/\/blogdoarmindomaia.com.br\/index.php?rest_route=%2Fwp%2Fv2%2Ftags&post=6606"}],"curies":[{"name":"wp","href":"https:\/\/api.w.org\/{rel}","templated":true}]}}