{"id":661,"date":"2022-05-04T23:21:44","date_gmt":"2022-05-05T02:21:44","guid":{"rendered":"http:\/\/blogdoarmindomaia.com.br\/?p=661"},"modified":"2022-05-04T23:21:46","modified_gmt":"2022-05-05T02:21:46","slug":"prefeitura-de-araxa-assina-termo-de-fomento-com-o-recanto-do-idoso-sao-vicente-de-paulo","status":"publish","type":"post","link":"http:\/\/blogdoarmindomaia.com.br\/?p=661","title":{"rendered":"Prefeitura de Arax\u00e1 assina termo de fomento com o Recanto do Idoso S\u00e3o Vicente de Paulo"},"content":{"rendered":"\n<figure class=\"wp-block-image size-full is-style-default\"><img loading=\"lazy\" decoding=\"async\" width=\"1024\" height=\"682\" src=\"http:\/\/blogdoarmindomaia.com.br\/wp-content\/uploads\/2022\/05\/fomento_rdoidoso-4.jpeg\" alt=\"\" class=\"wp-image-663\" srcset=\"http:\/\/blogdoarmindomaia.com.br\/wp-content\/uploads\/2022\/05\/fomento_rdoidoso-4.jpeg 1024w, http:\/\/blogdoarmindomaia.com.br\/wp-content\/uploads\/2022\/05\/fomento_rdoidoso-4-300x200.jpeg 300w, http:\/\/blogdoarmindomaia.com.br\/wp-content\/uploads\/2022\/05\/fomento_rdoidoso-4-768x512.jpeg 768w\" sizes=\"auto, (max-width: 1024px) 100vw, 1024px\" \/><\/figure>\n\n\n\n<figure class=\"wp-block-image size-full is-style-default\"><img loading=\"lazy\" decoding=\"async\" width=\"1024\" height=\"682\" src=\"http:\/\/blogdoarmindomaia.com.br\/wp-content\/uploads\/2022\/05\/fomento_rdoidoso-3.jpeg\" alt=\"\" class=\"wp-image-662\" srcset=\"http:\/\/blogdoarmindomaia.com.br\/wp-content\/uploads\/2022\/05\/fomento_rdoidoso-3.jpeg 1024w, http:\/\/blogdoarmindomaia.com.br\/wp-content\/uploads\/2022\/05\/fomento_rdoidoso-3-300x200.jpeg 300w, http:\/\/blogdoarmindomaia.com.br\/wp-content\/uploads\/2022\/05\/fomento_rdoidoso-3-768x512.jpeg 768w\" sizes=\"auto, (max-width: 1024px) 100vw, 1024px\" \/><\/figure>\n\n\n\n<p>O prefeito Robson Magela e o vereador Alexandre dos Irm\u00e3os Paula visitaram o Recanto do Idoso S\u00e3o Vicente de Paula nesta segunda-feira (2). Na oportunidade, foi assinado termo de fomento que destina R$ 50 mil para a entidade, por meio de recurso ordin\u00e1rio indicado pelo vereador.<\/p>\n\n\n\n<p>Fundada h\u00e1 mais de 86 anos, o Recanto do Idoso S\u00e3o Vicente de Paulo funciona em um espa\u00e7o de 4 mil metros quadrados, conta com 49 funcion\u00e1rios e atende atualmente 50 idosos.<\/p>\n\n\n\n<p>A institui\u00e7\u00e3o filantr\u00f3pica sobrevive com arrecada\u00e7\u00e3o de eventos sociais e bazares, doa\u00e7\u00f5es da sociedade, projetos via Fundo Municipal dos Direitos e Prote\u00e7\u00e3o ao Idoso, fomentos do Poder P\u00fablico, al\u00e9m de emendas parlamentares. A Prefeitura de Arax\u00e1 tamb\u00e9m cede um m\u00e9dico para realizar atendimento aos assistidos.<\/p>\n\n\n\n<p>O presidente da entidade, Ermes Diolino Borges, diz que os R$ 50 mil ser\u00e3o aplicados para reforma da institui\u00e7\u00e3o, que j\u00e1 vem sendo cobrada pela Vigil\u00e2ncia Sanit\u00e1ria. \u201cNossa despesa \u00e9 muito grande e a receita que temos dispon\u00edvel para cobrir essas despesas essenciais n\u00e3o sobra para realizar essas obras. Esse recurso da Prefeitura de Arax\u00e1 veio em boa hora, em um momento em que realmente est\u00e1vamos precisando\u201d, disse o presidente.<\/p>\n\n\n\n<p>O vereador Alexandre reiterou que a abertura com a atual gest\u00e3o possibilitou indicar o recurso em apoio ao p\u00fablico idoso. \u201cA institui\u00e7\u00e3o sobrevive com uma receita enxuta, que cobre os gastos essenciais para o seu funcionamento. Essa verba vem para contribuir com essa reforma para melhorar o espa\u00e7o f\u00edsico\u201d, explicou o vereador.<\/p>\n\n\n\n<p>Al\u00e9m do apoio financeiro, o prefeito Robson Magela acrescentou que visitar o Recanto do Idoso foi uma boa oportunidade de ver de perto o importante trabalho prestado pela entidade. \u201cA Administra\u00e7\u00e3o Municipal tem por obriga\u00e7\u00e3o apoiar trabalhos sociais s\u00e9rios. No caso do Recanto do Idoso S\u00e3o Vicente de Paulo, s\u00e3o mais de 86 anos fazendo a diferen\u00e7a, com muito carinho e dedica\u00e7\u00e3o aos idosos assistidos\u201d, concluiu.<\/p>\n","protected":false},"excerpt":{"rendered":"<p>O prefeito Robson Magela e o vereador Alexandre dos Irm\u00e3os Paula visitaram o Recanto do Idoso S\u00e3o Vicente de Paula<\/p>\n","protected":false},"author":2,"featured_media":662,"comment_status":"open","ping_status":"open","sticky":false,"template":"","format":"standard","meta":{"footnotes":""},"categories":[9,11],"tags":[],"class_list":["post-661","post","type-post","status-publish","format-standard","has-post-thumbnail","hentry","category-araxa","category-destaques"],"_links":{"self":[{"href":"http:\/\/blogdoarmindomaia.com.br\/index.php?rest_route=\/wp\/v2\/posts\/661","targetHints":{"allow":["GET"]}}],"collection":[{"href":"http:\/\/blogdoarmindomaia.com.br\/index.php?rest_route=\/wp\/v2\/posts"}],"about":[{"href":"http:\/\/blogdoarmindomaia.com.br\/index.php?rest_route=\/wp\/v2\/types\/post"}],"author":[{"embeddable":true,"href":"http:\/\/blogdoarmindomaia.com.br\/index.php?rest_route=\/wp\/v2\/users\/2"}],"replies":[{"embeddable":true,"href":"http:\/\/blogdoarmindomaia.com.br\/index.php?rest_route=%2Fwp%2Fv2%2Fcomments&post=661"}],"version-history":[{"count":1,"href":"http:\/\/blogdoarmindomaia.com.br\/index.php?rest_route=\/wp\/v2\/posts\/661\/revisions"}],"predecessor-version":[{"id":664,"href":"http:\/\/blogdoarmindomaia.com.br\/index.php?rest_route=\/wp\/v2\/posts\/661\/revisions\/664"}],"wp:featuredmedia":[{"embeddable":true,"href":"http:\/\/blogdoarmindomaia.com.br\/index.php?rest_route=\/wp\/v2\/media\/662"}],"wp:attachment":[{"href":"http:\/\/blogdoarmindomaia.com.br\/index.php?rest_route=%2Fwp%2Fv2%2Fmedia&parent=661"}],"wp:term":[{"taxonomy":"category","embeddable":true,"href":"http:\/\/blogdoarmindomaia.com.br\/index.php?rest_route=%2Fwp%2Fv2%2Fcategories&post=661"},{"taxonomy":"post_tag","embeddable":true,"href":"http:\/\/blogdoarmindomaia.com.br\/index.php?rest_route=%2Fwp%2Fv2%2Ftags&post=661"}],"curies":[{"name":"wp","href":"https:\/\/api.w.org\/{rel}","templated":true}]}}