{"id":6615,"date":"2023-11-14T14:25:02","date_gmt":"2023-11-14T17:25:02","guid":{"rendered":"http:\/\/blogdoarmindomaia.com.br\/?p=6615"},"modified":"2023-11-14T14:25:04","modified_gmt":"2023-11-14T17:25:04","slug":"prefeitura-de-araxa-realiza-diversas-acoes-para-o-novembro-azul","status":"publish","type":"post","link":"http:\/\/blogdoarmindomaia.com.br\/?p=6615","title":{"rendered":"Prefeitura de Arax\u00e1 realiza diversas a\u00e7\u00f5es para o Novembro Azul"},"content":{"rendered":"\n<figure class=\"wp-block-image size-large is-style-default\"><img loading=\"lazy\" decoding=\"async\" width=\"1024\" height=\"768\" src=\"http:\/\/blogdoarmindomaia.com.br\/wp-content\/uploads\/2023\/11\/Novembro-Azul-pag-08-1024x768.jpeg\" alt=\"\" class=\"wp-image-6616\" srcset=\"http:\/\/blogdoarmindomaia.com.br\/wp-content\/uploads\/2023\/11\/Novembro-Azul-pag-08-1024x768.jpeg 1024w, http:\/\/blogdoarmindomaia.com.br\/wp-content\/uploads\/2023\/11\/Novembro-Azul-pag-08-300x225.jpeg 300w, http:\/\/blogdoarmindomaia.com.br\/wp-content\/uploads\/2023\/11\/Novembro-Azul-pag-08-768x576.jpeg 768w, http:\/\/blogdoarmindomaia.com.br\/wp-content\/uploads\/2023\/11\/Novembro-Azul-pag-08-1536x1152.jpeg 1536w, http:\/\/blogdoarmindomaia.com.br\/wp-content\/uploads\/2023\/11\/Novembro-Azul-pag-08.jpeg 1600w\" sizes=\"auto, (max-width: 1024px) 100vw, 1024px\" \/><\/figure>\n\n\n\n<p>A Secretaria Municipal de Sa\u00fade realiza v\u00e1rias a\u00e7\u00f5es alusivas \u00e0 Campanha Novembro Azul durante este m\u00eas. A programa\u00e7\u00e3o destaca a conscientiza\u00e7\u00e3o sobre os cuidados especiais com a sa\u00fade do homem e a import\u00e2ncia da preven\u00e7\u00e3o e do diagn\u00f3stico precoce do c\u00e2ncer de pr\u00f3stata.<br><br>Dentre as atividades divididas para em diversos pontos da cidade est\u00e3o: orienta\u00e7\u00f5es em salas de espera da Unidades de Sa\u00fade, visitas domiciliares, consultas, palestras, solicita\u00e7\u00e3o de exames, rodas de conversa, murais tem\u00e1ticos, dentre outras organizadas pelas Equipes de Sa\u00fade da Fam\u00edlia (ESFs).<br><br>De acordo com a secret\u00e1ria municipal de Sa\u00fade, Cristiane Gon\u00e7alves Pereira, a campanha \u00e9 extremamente importante, pois contribui significativamente na divulga\u00e7\u00e3o de informa\u00e7\u00f5es importantes sobre a doen\u00e7a e na quebra de tabus.<br><br>\u201cNosso objetivo \u00e9 fazer com que todo o p\u00fablico masculino tenha consci\u00eancia da import\u00e2ncia desta campanha, e n\u00e3o somente neste per\u00edodo tire um tempo para cuidar da sua sa\u00fade. A conscientiza\u00e7\u00e3o das esposas e filhos tamb\u00e9m \u00e9 essencial, e com certeza, faz toda a diferen\u00e7a. Esperamos que essas a\u00e7\u00f5es movimentem toda a popula\u00e7\u00e3o\u201d, destaca a secret\u00e1ria.<br><br>Programa\u00e7\u00e3o<br><br>ESF S\u00c3O PEDRO<br><br>&#8211; 17 de novembro (sexta-feira)<br>Hor\u00e1rio: 8h<br>Local: Pra\u00e7a da Fam\u00edlia<br>Palestra sobre o c\u00e2ncer de pr\u00f3stata.<br><br>&#8211; 23 de novembro (quinta-feira)<br>Hor\u00e1rio: 14h30<br>Local: Associa\u00e7\u00e3o dos Aposentados e Pensionistas de Arax\u00e1<br>Palestra sobre o impacto da sa\u00fade mental na sa\u00fade f\u00edsica: preven\u00e7\u00e3o e cuidados, com a psic\u00f3loga Maria Eduarda Leopoldino Dias.<br><br>UNIOESTE<br><br>&#8211; 22 de novembro (quarta-feira)<br>Hor\u00e1rio: 15h30<br>Palestra: Preven\u00e7\u00e3o do c\u00e2ncer de pr\u00f3stata em parceria com a Associa\u00e7\u00e3o de Amparo \u00e0s Pessoas com C\u00e2ncer de Arax\u00e1 (Ampara).<br><br>ESF TIRADENTES<br><br><\/p>\n","protected":false},"excerpt":{"rendered":"<p>A Secretaria Municipal de Sa\u00fade realiza v\u00e1rias a\u00e7\u00f5es alusivas \u00e0 Campanha Novembro Azul durante este m\u00eas. A programa\u00e7\u00e3o destaca a<\/p>\n","protected":false},"author":2,"featured_media":6616,"comment_status":"open","ping_status":"open","sticky":false,"template":"","format":"standard","meta":{"footnotes":""},"categories":[9,11],"tags":[],"class_list":["post-6615","post","type-post","status-publish","format-standard","has-post-thumbnail","hentry","category-araxa","category-destaques"],"_links":{"self":[{"href":"http:\/\/blogdoarmindomaia.com.br\/index.php?rest_route=\/wp\/v2\/posts\/6615","targetHints":{"allow":["GET"]}}],"collection":[{"href":"http:\/\/blogdoarmindomaia.com.br\/index.php?rest_route=\/wp\/v2\/posts"}],"about":[{"href":"http:\/\/blogdoarmindomaia.com.br\/index.php?rest_route=\/wp\/v2\/types\/post"}],"author":[{"embeddable":true,"href":"http:\/\/blogdoarmindomaia.com.br\/index.php?rest_route=\/wp\/v2\/users\/2"}],"replies":[{"embeddable":true,"href":"http:\/\/blogdoarmindomaia.com.br\/index.php?rest_route=%2Fwp%2Fv2%2Fcomments&post=6615"}],"version-history":[{"count":1,"href":"http:\/\/blogdoarmindomaia.com.br\/index.php?rest_route=\/wp\/v2\/posts\/6615\/revisions"}],"predecessor-version":[{"id":6617,"href":"http:\/\/blogdoarmindomaia.com.br\/index.php?rest_route=\/wp\/v2\/posts\/6615\/revisions\/6617"}],"wp:featuredmedia":[{"embeddable":true,"href":"http:\/\/blogdoarmindomaia.com.br\/index.php?rest_route=\/wp\/v2\/media\/6616"}],"wp:attachment":[{"href":"http:\/\/blogdoarmindomaia.com.br\/index.php?rest_route=%2Fwp%2Fv2%2Fmedia&parent=6615"}],"wp:term":[{"taxonomy":"category","embeddable":true,"href":"http:\/\/blogdoarmindomaia.com.br\/index.php?rest_route=%2Fwp%2Fv2%2Fcategories&post=6615"},{"taxonomy":"post_tag","embeddable":true,"href":"http:\/\/blogdoarmindomaia.com.br\/index.php?rest_route=%2Fwp%2Fv2%2Ftags&post=6615"}],"curies":[{"name":"wp","href":"https:\/\/api.w.org\/{rel}","templated":true}]}}