{"id":6623,"date":"2023-11-14T14:40:42","date_gmt":"2023-11-14T17:40:42","guid":{"rendered":"http:\/\/blogdoarmindomaia.com.br\/?p=6623"},"modified":"2023-11-14T14:40:44","modified_gmt":"2023-11-14T17:40:44","slug":"araxa-dance-company-e-ouro-no-campeonato-brasileiro-de-danca-em-cadeira-de-rodas","status":"publish","type":"post","link":"http:\/\/blogdoarmindomaia.com.br\/?p=6623","title":{"rendered":"Arax\u00e1 Dance Company \u00e9 ouro no Campeonato Brasileiro de Dan\u00e7a em Cadeira de Rodas"},"content":{"rendered":"\n<figure class=\"wp-block-image size-large is-style-default\"><img loading=\"lazy\" decoding=\"async\" width=\"1024\" height=\"1024\" src=\"http:\/\/blogdoarmindomaia.com.br\/wp-content\/uploads\/2023\/11\/Araxa-Dance-Company-e-ouro-no-Campeonato-Brasileiro-de-Danca-em-Cadeira-de-Rodas-pag-06-1024x1024.jpg\" alt=\"\" class=\"wp-image-6624\" srcset=\"http:\/\/blogdoarmindomaia.com.br\/wp-content\/uploads\/2023\/11\/Araxa-Dance-Company-e-ouro-no-Campeonato-Brasileiro-de-Danca-em-Cadeira-de-Rodas-pag-06-1024x1024.jpg 1024w, http:\/\/blogdoarmindomaia.com.br\/wp-content\/uploads\/2023\/11\/Araxa-Dance-Company-e-ouro-no-Campeonato-Brasileiro-de-Danca-em-Cadeira-de-Rodas-pag-06-300x300.jpg 300w, http:\/\/blogdoarmindomaia.com.br\/wp-content\/uploads\/2023\/11\/Araxa-Dance-Company-e-ouro-no-Campeonato-Brasileiro-de-Danca-em-Cadeira-de-Rodas-pag-06-150x150.jpg 150w, http:\/\/blogdoarmindomaia.com.br\/wp-content\/uploads\/2023\/11\/Araxa-Dance-Company-e-ouro-no-Campeonato-Brasileiro-de-Danca-em-Cadeira-de-Rodas-pag-06-768x768.jpg 768w, http:\/\/blogdoarmindomaia.com.br\/wp-content\/uploads\/2023\/11\/Araxa-Dance-Company-e-ouro-no-Campeonato-Brasileiro-de-Danca-em-Cadeira-de-Rodas-pag-06.jpg 1080w\" sizes=\"auto, (max-width: 1024px) 100vw, 1024px\" \/><\/figure>\n\n\n\n<p>O Arax\u00e1 Dance Company, grupo inclusivo de Arax\u00e1, esteve em S\u00e3o Paulo entre os dias 31\/10 e 5\/11, para participar do Simp\u00f3sio Internacional de Dan\u00e7a em Cadeira de Rodas e do Campeonato Brasileiro de Dan\u00e7a em Cadeira de Rodas, realizado no Centro de Treinamento Paral\u00edmpico Brasileiro pelo Comit\u00ea Paral\u00edmpico do pa\u00eds.&nbsp;<\/p>\n\n\n\n<p>Foram mais de 9 delega\u00e7\u00f5es de todo o Brasil, as principais companhias de dan\u00e7a de alto rendimento filiadas \u00e0 Confedera\u00e7\u00e3o Brasileira de Dan\u00e7a em Cadeira de Rodas competindo na modalidade de dan\u00e7a esportiva.<br><br>Wanessa Borges \u00e9 precursora de dan\u00e7a de alto rendimento&nbsp;para pessoas com defici\u00eancia em Arax\u00e1 e regi\u00e3o. Em institui\u00e7\u00e3o de ensino superior \u00e9 tamb\u00e9m pioneira em Minas Gerais, formando diversos bailarinos com e sem defici\u00eancia e paratletas que iniciaram na Cia de Dan\u00e7a Uniarax\u00e1. Wanessa inovou com espet\u00e1culos de dan\u00e7a inclusiva e a dan\u00e7a esportiva em cadeira de rodas, e fundou o grupo inclusivo Arax\u00e1 Dance Company, que h\u00e1 17 anos leva a arte da dan\u00e7a para todas as pessoas com e sem defici\u00eancia, mesclando t\u00e9cnicas circenses e de outras modalidades da dan\u00e7a. Wanessa tamb\u00e9m \u00e9 vice-presidente da Confedera\u00e7\u00e3o Brasileira de Dan\u00e7a em Cadeira de Rodas.<br><br>A paratleta Camilla Vilela (perfil instagram @caahvilela) representou a cidade Arax\u00e1 e o grupo inclusivo Arax\u00e1 Dance Company no campeonato, categoria single ritmos latinos e freestyle, juntamente com sua t\u00e9cnica Wanessa. A paratleta conquistou 2 medalhas de ouro no campeonato, seguindo em 1 lugar no ranking brasileiro em sua categoria.<br><br>O Arax\u00e1 Dance Company teve o patroc\u00ednio da Sicoob Crediara e apoio cultural do Instituto Movart.<\/p>\n","protected":false},"excerpt":{"rendered":"<p>O Arax\u00e1 Dance Company, grupo inclusivo de Arax\u00e1, esteve em S\u00e3o Paulo entre os dias 31\/10 e 5\/11, para participar<\/p>\n","protected":false},"author":2,"featured_media":6624,"comment_status":"open","ping_status":"open","sticky":false,"template":"","format":"standard","meta":{"footnotes":""},"categories":[9,5,11],"tags":[],"class_list":["post-6623","post","type-post","status-publish","format-standard","has-post-thumbnail","hentry","category-araxa","category-arte-e-cultura","category-destaques"],"_links":{"self":[{"href":"http:\/\/blogdoarmindomaia.com.br\/index.php?rest_route=\/wp\/v2\/posts\/6623","targetHints":{"allow":["GET"]}}],"collection":[{"href":"http:\/\/blogdoarmindomaia.com.br\/index.php?rest_route=\/wp\/v2\/posts"}],"about":[{"href":"http:\/\/blogdoarmindomaia.com.br\/index.php?rest_route=\/wp\/v2\/types\/post"}],"author":[{"embeddable":true,"href":"http:\/\/blogdoarmindomaia.com.br\/index.php?rest_route=\/wp\/v2\/users\/2"}],"replies":[{"embeddable":true,"href":"http:\/\/blogdoarmindomaia.com.br\/index.php?rest_route=%2Fwp%2Fv2%2Fcomments&post=6623"}],"version-history":[{"count":1,"href":"http:\/\/blogdoarmindomaia.com.br\/index.php?rest_route=\/wp\/v2\/posts\/6623\/revisions"}],"predecessor-version":[{"id":6625,"href":"http:\/\/blogdoarmindomaia.com.br\/index.php?rest_route=\/wp\/v2\/posts\/6623\/revisions\/6625"}],"wp:featuredmedia":[{"embeddable":true,"href":"http:\/\/blogdoarmindomaia.com.br\/index.php?rest_route=\/wp\/v2\/media\/6624"}],"wp:attachment":[{"href":"http:\/\/blogdoarmindomaia.com.br\/index.php?rest_route=%2Fwp%2Fv2%2Fmedia&parent=6623"}],"wp:term":[{"taxonomy":"category","embeddable":true,"href":"http:\/\/blogdoarmindomaia.com.br\/index.php?rest_route=%2Fwp%2Fv2%2Fcategories&post=6623"},{"taxonomy":"post_tag","embeddable":true,"href":"http:\/\/blogdoarmindomaia.com.br\/index.php?rest_route=%2Fwp%2Fv2%2Ftags&post=6623"}],"curies":[{"name":"wp","href":"https:\/\/api.w.org\/{rel}","templated":true}]}}