{"id":6629,"date":"2023-11-14T14:46:32","date_gmt":"2023-11-14T17:46:32","guid":{"rendered":"http:\/\/blogdoarmindomaia.com.br\/?p=6629"},"modified":"2023-11-14T14:46:34","modified_gmt":"2023-11-14T17:46:34","slug":"aberto-o-cadastro-escolar-2024-da-educacao-infantil-em-araxa","status":"publish","type":"post","link":"http:\/\/blogdoarmindomaia.com.br\/?p=6629","title":{"rendered":"Aberto o Cadastro Escolar 2024 da Educa\u00e7\u00e3o Infantil em Arax\u00e1"},"content":{"rendered":"\n<figure class=\"wp-block-image size-full is-style-default\"><img loading=\"lazy\" decoding=\"async\" width=\"1000\" height=\"667\" src=\"http:\/\/blogdoarmindomaia.com.br\/wp-content\/uploads\/2023\/11\/Aberto-o-Cadastro-Escolar-2024-da-Educacao-Infantil-em-Araxa-pag-03.jpg\" alt=\"\" class=\"wp-image-6630\" srcset=\"http:\/\/blogdoarmindomaia.com.br\/wp-content\/uploads\/2023\/11\/Aberto-o-Cadastro-Escolar-2024-da-Educacao-Infantil-em-Araxa-pag-03.jpg 1000w, http:\/\/blogdoarmindomaia.com.br\/wp-content\/uploads\/2023\/11\/Aberto-o-Cadastro-Escolar-2024-da-Educacao-Infantil-em-Araxa-pag-03-300x200.jpg 300w, http:\/\/blogdoarmindomaia.com.br\/wp-content\/uploads\/2023\/11\/Aberto-o-Cadastro-Escolar-2024-da-Educacao-Infantil-em-Araxa-pag-03-768x512.jpg 768w\" sizes=\"auto, (max-width: 1000px) 100vw, 1000px\" \/><\/figure>\n\n\n\n<p>A Secretaria Municipal de Educa\u00e7\u00e3o informa que o Cadastro Escolar para crian\u00e7as a partir de 4 meses at\u00e9 5 anos de idade na Educa\u00e7\u00e3o Infantil j\u00e1 est\u00e1 aberto e ser\u00e1 realizado at\u00e9 o dia 24 de novembro de 2023 (sexta-feira).<br><br>Para realizar o cadastro, os pais ou respons\u00e1veis dever\u00e3o acessar o link&nbsp;<a href=\"https:\/\/tinyurl.com\/5y5nk8vs\" target=\"_blank\" rel=\"noreferrer noopener\">https:\/\/tinyurl.com\/5y5nk8vs<\/a><br><br>As Unidades Escolares tamb\u00e9m s\u00e3o pontos de apoio para o cadastro. Este p\u00fablico deve procurar a institui\u00e7\u00e3o mais pr\u00f3xima de sua resid\u00eancia para o preenchimento da documenta\u00e7\u00e3o necess\u00e1ria.<br><br>O cadastro pode ser realizado para at\u00e9 tr\u00eas unidades de ensino, desde que localizadas na mesma regi\u00e3o de resid\u00eancia da crian\u00e7a.<br><br>De acordo com a Secretaria Municipal de Educa\u00e7\u00e3o, o cadastro n\u00e3o \u00e9 garantia da vaga e n\u00e3o tem validade como matr\u00edcula, mas, sim, como um levantamento da Educa\u00e7\u00e3o Infantil para que o Munic\u00edpio possa ter um par\u00e2metro da atual demanda da cidade.<br><br>Mais informa\u00e7\u00f5es, pelo telefone (34) 3691-2000 ou na sede da Secretaria Municipal de Educa\u00e7\u00e3o &#8211; av. Ros\u00e1lia Isaura de Ara\u00fajo, 275, no Centro Administrativo.<\/p>\n","protected":false},"excerpt":{"rendered":"<p>A Secretaria Municipal de Educa\u00e7\u00e3o informa que o Cadastro Escolar para crian\u00e7as a partir de 4 meses at\u00e9 5 anos<\/p>\n","protected":false},"author":2,"featured_media":6630,"comment_status":"open","ping_status":"open","sticky":false,"template":"","format":"standard","meta":{"footnotes":""},"categories":[9,11,13],"tags":[],"class_list":["post-6629","post","type-post","status-publish","format-standard","has-post-thumbnail","hentry","category-araxa","category-destaques","category-educacao"],"_links":{"self":[{"href":"http:\/\/blogdoarmindomaia.com.br\/index.php?rest_route=\/wp\/v2\/posts\/6629","targetHints":{"allow":["GET"]}}],"collection":[{"href":"http:\/\/blogdoarmindomaia.com.br\/index.php?rest_route=\/wp\/v2\/posts"}],"about":[{"href":"http:\/\/blogdoarmindomaia.com.br\/index.php?rest_route=\/wp\/v2\/types\/post"}],"author":[{"embeddable":true,"href":"http:\/\/blogdoarmindomaia.com.br\/index.php?rest_route=\/wp\/v2\/users\/2"}],"replies":[{"embeddable":true,"href":"http:\/\/blogdoarmindomaia.com.br\/index.php?rest_route=%2Fwp%2Fv2%2Fcomments&post=6629"}],"version-history":[{"count":1,"href":"http:\/\/blogdoarmindomaia.com.br\/index.php?rest_route=\/wp\/v2\/posts\/6629\/revisions"}],"predecessor-version":[{"id":6631,"href":"http:\/\/blogdoarmindomaia.com.br\/index.php?rest_route=\/wp\/v2\/posts\/6629\/revisions\/6631"}],"wp:featuredmedia":[{"embeddable":true,"href":"http:\/\/blogdoarmindomaia.com.br\/index.php?rest_route=\/wp\/v2\/media\/6630"}],"wp:attachment":[{"href":"http:\/\/blogdoarmindomaia.com.br\/index.php?rest_route=%2Fwp%2Fv2%2Fmedia&parent=6629"}],"wp:term":[{"taxonomy":"category","embeddable":true,"href":"http:\/\/blogdoarmindomaia.com.br\/index.php?rest_route=%2Fwp%2Fv2%2Fcategories&post=6629"},{"taxonomy":"post_tag","embeddable":true,"href":"http:\/\/blogdoarmindomaia.com.br\/index.php?rest_route=%2Fwp%2Fv2%2Ftags&post=6629"}],"curies":[{"name":"wp","href":"https:\/\/api.w.org\/{rel}","templated":true}]}}