{"id":6635,"date":"2023-11-16T10:35:48","date_gmt":"2023-11-16T13:35:48","guid":{"rendered":"http:\/\/blogdoarmindomaia.com.br\/?p=6635"},"modified":"2023-11-16T10:35:51","modified_gmt":"2023-11-16T13:35:51","slug":"diplomados-os-novos-conselheiros-tutelares-de-araxa","status":"publish","type":"post","link":"http:\/\/blogdoarmindomaia.com.br\/?p=6635","title":{"rendered":"Diplomados os novos conselheiros tutelares de Arax\u00e1"},"content":{"rendered":"\n<figure class=\"wp-block-image size-full is-style-default\"><img loading=\"lazy\" decoding=\"async\" width=\"1025\" height=\"683\" src=\"http:\/\/blogdoarmindomaia.com.br\/wp-content\/uploads\/2023\/11\/Diplomados-os-novos-conselheiros-tutelares-de-Araxa-pag-04.jpg\" alt=\"\" class=\"wp-image-6636\" srcset=\"http:\/\/blogdoarmindomaia.com.br\/wp-content\/uploads\/2023\/11\/Diplomados-os-novos-conselheiros-tutelares-de-Araxa-pag-04.jpg 1025w, http:\/\/blogdoarmindomaia.com.br\/wp-content\/uploads\/2023\/11\/Diplomados-os-novos-conselheiros-tutelares-de-Araxa-pag-04-300x200.jpg 300w, http:\/\/blogdoarmindomaia.com.br\/wp-content\/uploads\/2023\/11\/Diplomados-os-novos-conselheiros-tutelares-de-Araxa-pag-04-768x512.jpg 768w\" sizes=\"auto, (max-width: 1025px) 100vw, 1025px\" \/><\/figure>\n\n\n\n<p>A Prefeitura de Arax\u00e1 e o Conselho Municipal dos Direitos da Crian\u00e7a e do Adolescente de Arax\u00e1 (CMDCA) realizaram a diploma\u00e7\u00e3o dos novos conselheiros tutelares que atuar\u00e3o no quadri\u00eanio 2024 \/ 2027.<br><br>A solenidade aconteceu no \u00faltimo fim de semana e contou com a participa\u00e7\u00e3o dos conselheiros eleitos e suplentes, representantes da Rede de Prote\u00e7\u00e3o \u00e0 Crian\u00e7a e ao Adolescente e demais convidados.<br><br>A mesa de cerim\u00f4nia foi composta pelo representante do prefeito Robson Magela, secret\u00e1rio municipal de Governo, Rick Paranhos; pelo secret\u00e1rio municipal de A\u00e7\u00e3o Social, Wagner Cruz; pelo presidente do CMDCA, Juliano Resende; pelo juiz de Direito da Inf\u00e2ncia e Juventude, Dimas Ramon Esper; e pela promotora curadora da Inf\u00e2ncia e Juventude, Mara L\u00facia Silva Dourado.<br><br>De acordo com o Estatuto da Crian\u00e7a e do Adolescente, a miss\u00e3o institucional do Conselho Tutelar \u00e9 defender os direitos da popula\u00e7\u00e3o infantojuvenil, bem como o direito \u00e0 vida, \u00e0 sa\u00fade, \u00e0 educa\u00e7\u00e3o, ao lazer, \u00e0 liberdade, \u00e0 viv\u00eancia familiar e comunit\u00e1ria. O conselho tem compet\u00eancia municipal e deve ter atendimento dispon\u00edvel 24 horas por dia.<br><br>Os novos conselheiros titulares e suplentes ser\u00e3o empossados no dia 10 janeiro de 2024.<br><br><strong>Titulares diplomados<br><\/strong><br>&#8211; Heloisa Teixeira<br>&#8211; Mariana Lopes<br>&#8211; Cleverson Oliveira<br>&#8211; Isabela Parreira<br>&#8211; Emerson Torres<br><br><strong>Suplentes diplomados<br><\/strong><br>&#8211; Isabela Martins<br>&#8211; Bruna Ol\u00edmpio<br>&#8211; Priscilla Idalo<br>&#8211; Joseane Rodrigues<br>&#8211; Nillene Brito<br>&#8211; Cl\u00e1udia Barto<br>&#8211; Aur\u00e9lia Dias<br>&#8211; George Pinheiro<br>&#8211; Soliane Oliveira<\/p>\n","protected":false},"excerpt":{"rendered":"<p>A Prefeitura de Arax\u00e1 e o Conselho Municipal dos Direitos da Crian\u00e7a e do Adolescente de Arax\u00e1 (CMDCA) realizaram a<\/p>\n","protected":false},"author":2,"featured_media":6636,"comment_status":"open","ping_status":"open","sticky":false,"template":"","format":"standard","meta":{"footnotes":""},"categories":[9,11],"tags":[],"class_list":["post-6635","post","type-post","status-publish","format-standard","has-post-thumbnail","hentry","category-araxa","category-destaques"],"_links":{"self":[{"href":"http:\/\/blogdoarmindomaia.com.br\/index.php?rest_route=\/wp\/v2\/posts\/6635","targetHints":{"allow":["GET"]}}],"collection":[{"href":"http:\/\/blogdoarmindomaia.com.br\/index.php?rest_route=\/wp\/v2\/posts"}],"about":[{"href":"http:\/\/blogdoarmindomaia.com.br\/index.php?rest_route=\/wp\/v2\/types\/post"}],"author":[{"embeddable":true,"href":"http:\/\/blogdoarmindomaia.com.br\/index.php?rest_route=\/wp\/v2\/users\/2"}],"replies":[{"embeddable":true,"href":"http:\/\/blogdoarmindomaia.com.br\/index.php?rest_route=%2Fwp%2Fv2%2Fcomments&post=6635"}],"version-history":[{"count":1,"href":"http:\/\/blogdoarmindomaia.com.br\/index.php?rest_route=\/wp\/v2\/posts\/6635\/revisions"}],"predecessor-version":[{"id":6637,"href":"http:\/\/blogdoarmindomaia.com.br\/index.php?rest_route=\/wp\/v2\/posts\/6635\/revisions\/6637"}],"wp:featuredmedia":[{"embeddable":true,"href":"http:\/\/blogdoarmindomaia.com.br\/index.php?rest_route=\/wp\/v2\/media\/6636"}],"wp:attachment":[{"href":"http:\/\/blogdoarmindomaia.com.br\/index.php?rest_route=%2Fwp%2Fv2%2Fmedia&parent=6635"}],"wp:term":[{"taxonomy":"category","embeddable":true,"href":"http:\/\/blogdoarmindomaia.com.br\/index.php?rest_route=%2Fwp%2Fv2%2Fcategories&post=6635"},{"taxonomy":"post_tag","embeddable":true,"href":"http:\/\/blogdoarmindomaia.com.br\/index.php?rest_route=%2Fwp%2Fv2%2Ftags&post=6635"}],"curies":[{"name":"wp","href":"https:\/\/api.w.org\/{rel}","templated":true}]}}