{"id":6638,"date":"2023-11-16T10:59:06","date_gmt":"2023-11-16T13:59:06","guid":{"rendered":"http:\/\/blogdoarmindomaia.com.br\/?p=6638"},"modified":"2023-11-16T10:59:08","modified_gmt":"2023-11-16T13:59:08","slug":"servidoras-da-prefeitura-de-araxa-sao-agraciadas-com-honrarias-da-camara-municipal","status":"publish","type":"post","link":"http:\/\/blogdoarmindomaia.com.br\/?p=6638","title":{"rendered":"Servidoras da Prefeitura de Arax\u00e1 s\u00e3o agraciadas com honrarias da C\u00e2mara Municipal"},"content":{"rendered":"\n<figure class=\"wp-block-image size-full is-style-default\"><img loading=\"lazy\" decoding=\"async\" width=\"1025\" height=\"683\" src=\"http:\/\/blogdoarmindomaia.com.br\/wp-content\/uploads\/2023\/11\/Servidoras-da-Prefeitura-de-Araxa-sao-agraciadas-com-honrarias-da-Camara-Municipal-pag-09.jpeg\" alt=\"\" class=\"wp-image-6639\" srcset=\"http:\/\/blogdoarmindomaia.com.br\/wp-content\/uploads\/2023\/11\/Servidoras-da-Prefeitura-de-Araxa-sao-agraciadas-com-honrarias-da-Camara-Municipal-pag-09.jpeg 1025w, http:\/\/blogdoarmindomaia.com.br\/wp-content\/uploads\/2023\/11\/Servidoras-da-Prefeitura-de-Araxa-sao-agraciadas-com-honrarias-da-Camara-Municipal-pag-09-300x200.jpeg 300w, http:\/\/blogdoarmindomaia.com.br\/wp-content\/uploads\/2023\/11\/Servidoras-da-Prefeitura-de-Araxa-sao-agraciadas-com-honrarias-da-Camara-Municipal-pag-09-768x512.jpeg 768w\" sizes=\"auto, (max-width: 1025px) 100vw, 1025px\" \/><\/figure>\n\n\n\n<p>A Prefeitura de Arax\u00e1 participou da solenidade de outorga da Medalha Dom Jos\u00e9 Gaspar, T\u00edtulo de Cidadania Honor\u00e1ria e Medalha Geraldo Porf\u00edrio Botelho, realizada pela C\u00e2mara Municipal de Arax\u00e1 nesta quinta-feira (9), no Teatro CBMM do Uniarax\u00e1.<br><br>Na solenidade, a presidente da Funda\u00e7\u00e3o da Crian\u00e7a e do Adolescente de Arax\u00e1 (FCAA), Taciana Almeida, foi homenageada com o T\u00edtulo de Cidadania Honor\u00e1ria. J\u00e1 os servidores Am\u00e1lia Bernadete Belmiro (t\u00e9cnica de Enfermagem) e L\u00facia Montovani (coordenadora do CRAS Aboli\u00e7\u00e3o) foram agraciadas com a Medalha Dom Jos\u00e9 Gaspar.<br><br>A mesa de cerim\u00f4nia do evento foi composta pelo presidente do Legislativo, Bosco J\u00fanior; 2\u00ba secret\u00e1rio, vereador Jo\u00e3o Veras; prefeito Robson Magela; deputado estadual Bosco; promotor de Justi\u00e7a, Marcus Paulo Queiroz Mac\u00eado; tenente-coronel Ademir Fagundes (comandante do 37\u00ba Batalh\u00e3o de Pol\u00edcia Militar); secret\u00e1ria municipal de Educa\u00e7\u00e3o, Zulma Moreira; delegado regional de Pol\u00edcia Civil, Valter Andr\u00e9 Biscaro Salviano; e capit\u00e3o Luiz Ricardo de Oliveira (comandante da 2\u00aa Companhia do Corpo de Bombeiros Militar).<br><br>A Medalha Geraldo Porf\u00edrio Botelho foi a primeira honraria entregue na noite. A homenagem foi criada em 2012 e busca reconhecer o trabalho dos representantes da \u00e1rea da comunica\u00e7\u00e3o social, que j\u00e1 escreveram e ainda escrevem para p\u00e1ginas da imprensa virtual, escrita, falada e televisionada. O homenageado de 2023, indicado pela Associa\u00e7\u00e3o da Imprensa Araxaense (AIA), foi o jornalista Caio Ranieri, que tamb\u00e9m \u00e9 produtor audiovisual e um dos fundadores da Associa\u00e7\u00e3o da Imprensa Araxaense.<br><br>Os vereadores entregaram logo em seguida a Medalha Dom Jos\u00e9 Gaspar, que certifica homenagem \u00e0s pessoas f\u00edsicas que se destacam por sua atividade profissional, conduta de vida exemplar ou ainda por seu desempenho social e filantr\u00f3pico.<br><br>Os agraciados do ano foram Am\u00e1lia Bernadete Belmiro, Delma Pereira Caixeta, Erilda Marques Pereira da Rocha, Vereadora Fernanda de Castelha Afonso, Gildo Jos\u00e9 Ferreira, Gustavo Frederico Burger Aguiar, Leovaine Eur\u00edpedes da Cruz, L\u00facia de F\u00e1tima Pereira Montovani, 1\u00b0 Sarg. PM Marco Tulio da Silva, Marinez Torres Gotelip Borja de Oliveira, Thiago Ver\u00edssimo Rodrigues, Val\u00e9ria Santos Sena de Oliveira, Wanderson Ara\u00fajo de Paula, Tenente Wesley Alves da Costa e Willian J\u00falio de Souza (Willian Tardelli).<br><br>E por \u00faltimo, o T\u00edtulo de Cidadania Honor\u00e1ria foi entregue em reconhecimento aos cidad\u00e3os que n\u00e3o nasceram em Arax\u00e1, mas que prestam relevantes servi\u00e7os \u00e0 comunidade local.<br><br>Os homenageados da noite foram Ant\u00f4nio Ferreira Barbosa (Toninho Barbos\u00e3o), Elisa Borges Viana da Costa Bai\u00e3o Mac\u00eado, Gustavo Mesquita de Pinho, Jhon Wercollis de Morais, Leandro Peres Siqueira, Magna Maria Pinto Mota, Marina Teixeira de Deus, Mois\u00e9s Pereira Cunha, Pedrinho da Mata, Renato Gon\u00e7alves do Canto, Rog\u00e9rio Bernardes Ferreira, Ronaldo Silva Rossi, Rubens Donizete Valeriano, Taciana Pinto de Almeida, Walter de Carvalho J\u00fanior.<br><br>A agraciada L\u00facia Montovani refor\u00e7a a responsabilidade em continuar prestando um servi\u00e7o de qualidade para a popula\u00e7\u00e3o araxaense. \u201c\u00c9 uma responsabilidade muito grande, uma emo\u00e7\u00e3o e, al\u00e9m de tudo, a felicidade em ter o reconhecimento pelo trabalho realizado no CRAS para a popula\u00e7\u00e3o do bairro Aboli\u00e7\u00e3o\u201d, afirma.<br><br>A homenageada Taciana Almeida ressalta a alegria em receber o T\u00edtulo de Cidad\u00e3o Honor\u00e1rio. \u201cEstou muito feliz em ter recebido esta honraria. Sou natural de Belo Horizonte, mas j\u00e1 moro em Arax\u00e1 h\u00e1 muitos anos e sou muito feliz em poder realizar um trabalho incr\u00edvel na Funda\u00e7\u00e3o da Crian\u00e7a e do Adolescente de Arax\u00e1\u201d, destaca.<br><br>O prefeito Robson Magela parabeniza todos os homenageados e afirma que todos s\u00e3o pessoas que realizam um trabalho muito importante para a popula\u00e7\u00e3o araxaense. \u201cAs pessoas que receberam as honrarias realizam um trabalho profissional ou social brilhante em diversas \u00e1reas, e conseguem mudar a vida de in\u00fameras pessoas para melhor. E \u00e9 disso que nossa cidade sempre precisa\u201d, conclui.<br><\/p>\n","protected":false},"excerpt":{"rendered":"<p>A Prefeitura de Arax\u00e1 participou da solenidade de outorga da Medalha Dom Jos\u00e9 Gaspar, T\u00edtulo de Cidadania Honor\u00e1ria e Medalha<\/p>\n","protected":false},"author":2,"featured_media":6639,"comment_status":"open","ping_status":"open","sticky":false,"template":"","format":"standard","meta":{"footnotes":""},"categories":[9,11],"tags":[],"class_list":["post-6638","post","type-post","status-publish","format-standard","has-post-thumbnail","hentry","category-araxa","category-destaques"],"_links":{"self":[{"href":"http:\/\/blogdoarmindomaia.com.br\/index.php?rest_route=\/wp\/v2\/posts\/6638","targetHints":{"allow":["GET"]}}],"collection":[{"href":"http:\/\/blogdoarmindomaia.com.br\/index.php?rest_route=\/wp\/v2\/posts"}],"about":[{"href":"http:\/\/blogdoarmindomaia.com.br\/index.php?rest_route=\/wp\/v2\/types\/post"}],"author":[{"embeddable":true,"href":"http:\/\/blogdoarmindomaia.com.br\/index.php?rest_route=\/wp\/v2\/users\/2"}],"replies":[{"embeddable":true,"href":"http:\/\/blogdoarmindomaia.com.br\/index.php?rest_route=%2Fwp%2Fv2%2Fcomments&post=6638"}],"version-history":[{"count":1,"href":"http:\/\/blogdoarmindomaia.com.br\/index.php?rest_route=\/wp\/v2\/posts\/6638\/revisions"}],"predecessor-version":[{"id":6640,"href":"http:\/\/blogdoarmindomaia.com.br\/index.php?rest_route=\/wp\/v2\/posts\/6638\/revisions\/6640"}],"wp:featuredmedia":[{"embeddable":true,"href":"http:\/\/blogdoarmindomaia.com.br\/index.php?rest_route=\/wp\/v2\/media\/6639"}],"wp:attachment":[{"href":"http:\/\/blogdoarmindomaia.com.br\/index.php?rest_route=%2Fwp%2Fv2%2Fmedia&parent=6638"}],"wp:term":[{"taxonomy":"category","embeddable":true,"href":"http:\/\/blogdoarmindomaia.com.br\/index.php?rest_route=%2Fwp%2Fv2%2Fcategories&post=6638"},{"taxonomy":"post_tag","embeddable":true,"href":"http:\/\/blogdoarmindomaia.com.br\/index.php?rest_route=%2Fwp%2Fv2%2Ftags&post=6638"}],"curies":[{"name":"wp","href":"https:\/\/api.w.org\/{rel}","templated":true}]}}