{"id":6647,"date":"2023-11-16T14:36:06","date_gmt":"2023-11-16T17:36:06","guid":{"rendered":"http:\/\/blogdoarmindomaia.com.br\/?p=6647"},"modified":"2023-11-16T14:36:09","modified_gmt":"2023-11-16T17:36:09","slug":"sucesso-a-exposicao-de-produtos-confeccionados-pelos-recuperandos-da-apac-araxa","status":"publish","type":"post","link":"http:\/\/blogdoarmindomaia.com.br\/?p=6647","title":{"rendered":"Sucesso a exposi\u00e7\u00e3o de produtos confeccionados pelos recuperandos da Apac Arax\u00e1"},"content":{"rendered":"\n<figure class=\"wp-block-image size-full is-style-default\"><img loading=\"lazy\" decoding=\"async\" width=\"1024\" height=\"683\" src=\"http:\/\/blogdoarmindomaia.com.br\/wp-content\/uploads\/2023\/11\/Exposicao-APAC-2.jpg\" alt=\"\" class=\"wp-image-6648\" srcset=\"http:\/\/blogdoarmindomaia.com.br\/wp-content\/uploads\/2023\/11\/Exposicao-APAC-2.jpg 1024w, http:\/\/blogdoarmindomaia.com.br\/wp-content\/uploads\/2023\/11\/Exposicao-APAC-2-300x200.jpg 300w, http:\/\/blogdoarmindomaia.com.br\/wp-content\/uploads\/2023\/11\/Exposicao-APAC-2-768x512.jpg 768w\" sizes=\"auto, (max-width: 1024px) 100vw, 1024px\" \/><\/figure>\n\n\n\n<p>O Museu Hist\u00f3rico de Arax\u00e1 Dona Beja recebeu uma exposi\u00e7\u00e3o com produtos confeccionados pela Associa\u00e7\u00e3o de Prote\u00e7\u00e3o e Assist\u00eancia aos Condenados de Arax\u00e1 (Apac) entre 2 e 6 de novembro, promovida pelos alunos do 2\u00b0 per\u00edodo do curso de Direito do Uniarax\u00e1. Durante os cinco dias de mostra, 202 pessoas, entre turistas e araxaenses, passaram pelo museu.<br><br>O evento de encerramento foi realizado nesta segunda (6), com uma palestra aberta \u00e0 comunidade. O momento contou com a participa\u00e7\u00e3o de alunos do Col\u00e9gio S\u00e3o Domingos, que estiveram presentes junto com os pais, e demais visitantes.<br><br>De acordo com a presidente da Funda\u00e7\u00e3o Cultural Calmon Barreto (FCCB), Cynthia Ver\u00e7osa, receber a exposi\u00e7\u00e3o no museu reitera o compromisso da Administra\u00e7\u00e3o Municipal com a causa social. &#8220;Trazer para dentro de um espa\u00e7o cultural uma exposi\u00e7\u00e3o de pessoas que est\u00e3o em recupera\u00e7\u00e3o, exalta a dignidade humana e contribui para que o trabalho realizado por esses assistidos tenha mais visibilidade&#8221;, destaca.<br><\/p>\n","protected":false},"excerpt":{"rendered":"<p>O Museu Hist\u00f3rico de Arax\u00e1 Dona Beja recebeu uma exposi\u00e7\u00e3o com produtos confeccionados pela Associa\u00e7\u00e3o de Prote\u00e7\u00e3o e Assist\u00eancia aos<\/p>\n","protected":false},"author":2,"featured_media":6648,"comment_status":"open","ping_status":"open","sticky":false,"template":"","format":"standard","meta":{"footnotes":""},"categories":[9,11],"tags":[],"class_list":["post-6647","post","type-post","status-publish","format-standard","has-post-thumbnail","hentry","category-araxa","category-destaques"],"_links":{"self":[{"href":"http:\/\/blogdoarmindomaia.com.br\/index.php?rest_route=\/wp\/v2\/posts\/6647","targetHints":{"allow":["GET"]}}],"collection":[{"href":"http:\/\/blogdoarmindomaia.com.br\/index.php?rest_route=\/wp\/v2\/posts"}],"about":[{"href":"http:\/\/blogdoarmindomaia.com.br\/index.php?rest_route=\/wp\/v2\/types\/post"}],"author":[{"embeddable":true,"href":"http:\/\/blogdoarmindomaia.com.br\/index.php?rest_route=\/wp\/v2\/users\/2"}],"replies":[{"embeddable":true,"href":"http:\/\/blogdoarmindomaia.com.br\/index.php?rest_route=%2Fwp%2Fv2%2Fcomments&post=6647"}],"version-history":[{"count":1,"href":"http:\/\/blogdoarmindomaia.com.br\/index.php?rest_route=\/wp\/v2\/posts\/6647\/revisions"}],"predecessor-version":[{"id":6649,"href":"http:\/\/blogdoarmindomaia.com.br\/index.php?rest_route=\/wp\/v2\/posts\/6647\/revisions\/6649"}],"wp:featuredmedia":[{"embeddable":true,"href":"http:\/\/blogdoarmindomaia.com.br\/index.php?rest_route=\/wp\/v2\/media\/6648"}],"wp:attachment":[{"href":"http:\/\/blogdoarmindomaia.com.br\/index.php?rest_route=%2Fwp%2Fv2%2Fmedia&parent=6647"}],"wp:term":[{"taxonomy":"category","embeddable":true,"href":"http:\/\/blogdoarmindomaia.com.br\/index.php?rest_route=%2Fwp%2Fv2%2Fcategories&post=6647"},{"taxonomy":"post_tag","embeddable":true,"href":"http:\/\/blogdoarmindomaia.com.br\/index.php?rest_route=%2Fwp%2Fv2%2Ftags&post=6647"}],"curies":[{"name":"wp","href":"https:\/\/api.w.org\/{rel}","templated":true}]}}